{"id":12559,"date":"2022-07-08T15:48:59","date_gmt":"2022-07-08T18:48:59","guid":{"rendered":"https:\/\/acrj.org.br\/?p=12559"},"modified":"2022-07-08T15:49:50","modified_gmt":"2022-07-08T18:49:50","slug":"questoes-ambientais-sociais-e-de-diversidade-de-genero-foram-os-temas-debatidos-pelo-conselho-de-governanca-da-acrj","status":"publish","type":"post","link":"https:\/\/acrj.org.br\/index.php\/2022\/07\/08\/questoes-ambientais-sociais-e-de-diversidade-de-genero-foram-os-temas-debatidos-pelo-conselho-de-governanca-da-acrj\/","title":{"rendered":"Quest\u00f5es ambientais, sociais e de diversidade de g\u00eanero foram debatidas pelo Conselho de Governan\u00e7a da ACRJ"},"content":{"rendered":"\n<p>O Conselho Empresarial de Governan\u00e7a, Compliance e Diversidade tratou, em sua reuni\u00e3o mensal realizada dia 8 de julho, a <strong>Agenda ESG: Futuro Global<\/strong>. O presidente do Conselho, Humberto Mota Filho, abriu o encontro abordando a quest\u00e3o das responsabilidades social e ambiental das institui\u00e7\u00f5es financeiras, seu tema na publica\u00e7\u00e3o <strong>ESG: O Cisne Verde e o Capitalismo de Stakeholder<\/strong>, apresentada durante a reuni\u00e3o.<\/p>\n\n\n\n<p>Humberto Filho destacou os princ\u00edpios da governan\u00e7a corporativa e do investimento respons\u00e1vel, como a import\u00e2ncia do Relato Integrado para os mercados financeiro e de capitais. \u201cO Relato Integrado \u00e9 uma ferramenta fundamental para esse setor da economia, que re\u00fane uma maior e mais qualificada integra\u00e7\u00e3o de informa\u00e7\u00f5es entre investidores e o mercado e pode favorecer a incorpora\u00e7\u00e3o dos temas da agenda ESG\u201d, explicou.<\/p>\n\n\n\n<p>A senior manager Risk Advisory da KPMG, Juliana Nascimento, coordenadora da publica\u00e7\u00e3o, falou sobre o seu cap\u00edtulo A Jornada ESG. Nele, ela aborda a nova jornada da globaliza\u00e7\u00e3o pela transforma\u00e7\u00e3o do capitalismo regenerativo e de stakeholder no mundo dos neg\u00f3cios, com destaque para o desenvolvimento sustent\u00e1vel e as mudan\u00e7as clim\u00e1ticas, a cria\u00e7\u00e3o de valor e premissa de mercado, lideran\u00e7a e os avan\u00e7os da governan\u00e7a corporativa, entre outros.<\/p>\n\n\n\n<p>As diretrizes ESG, sob o contexto da atual mudan\u00e7a do clima, foram apresentadas pelo consultor Kau\u00ea Nascimento, que participou do cap\u00edtulo sobre Mudan\u00e7as Clim\u00e1ticas. Ele apresentou a origem do ESG e a influ\u00eancia crescente da atual crise envolvendo o clima nos governos e no mercado financeiro mundial, entre outros temas.<\/p>\n\n\n\n<p>A cofundadora do Compliance Women Committe, Anne Caroline Prud\u00eancio, foi uma das autoras do cap\u00edtulo sobre o papel dos comit\u00eas de diversidade e associa\u00e7\u00f5es de profissionais mulheres como forma de incentivar e aumentar o n\u00famero de lideran\u00e7as femininas nas corpora\u00e7\u00f5es. De acordo com ela, \u00e9 importante falar sobre o papel da mulher como protagonista nos neg\u00f3cios e empreendedora, e como consegue conciliar as responsabilidades de m\u00e3e, mulher e profissional. \u201cMuitas mulheres ainda perdem oportunidades nas organiza\u00e7\u00f5es ou ganham menos que os homens na mesma fun\u00e7\u00e3o. Essa cultura precisa mudar. Queremos agregar e n\u00e3o competir com os homens\u201d, afirmou.<\/p>\n\n\n\n<p>Gemau Halla, autor do cap\u00edtulo ESG: perspectiva e responsabilidades da auditoria interna, falou sobre benef\u00edcios de uma auditoria interna e como deve se comportar frente aos desafios nas esferas ambiental, social e de governan\u00e7a, o contexto atual do ESG, entre outras quest\u00f5es relacionadas ao tema.<\/p>\n\n\n\n<p>A reuni\u00e3o na \u00edntegra est\u00e1 dispon\u00edvel <strong><a href=\"https:\/\/us06web.zoom.us\/rec\/play\/SnjDizRyQa9jYP1sssK-K4Cc2Th3-aI_JqXsTT2yCjZKmK-IERj5QxDPNjRMfHQUoQI-igc1vlZ3he9R.I2yi6TSsBN9YmlHi\">aqui<\/a><\/strong><\/p>\n\n\n\n<figure class=\"wp-block-image size-full is-resized is-style-default\"><img fetchpriority=\"high\" decoding=\"async\" src=\"https:\/\/acrj.org.br\/wp-content\/uploads\/2022\/07\/Reuniao-CE-Compliance_8_julho.png\" alt=\"\" class=\"wp-image-12564\" width=\"459\" height=\"503\"\/><\/figure>\n","protected":false},"excerpt":{"rendered":"<p>O Conselho Empresarial de Governan\u00e7a, Compliance e Diversidade tratou, em sua reuni\u00e3o mensal realizada dia 8 de julho, a Agenda ESG: Futuro Global. O presidente&hellip;<\/p>\n","protected":false},"author":3,"featured_media":12560,"comment_status":"closed","ping_status":"closed","sticky":false,"template":"","format":"standard","meta":{"_exactmetrics_skip_tracking":false,"_exactmetrics_sitenote_active":false,"_exactmetrics_sitenote_note":"","_exactmetrics_sitenote_category":0,"footnotes":""},"categories":[10],"tags":[],"class_list":["post-12559","post","type-post","status-publish","format-standard","has-post-thumbnail","hentry","category-noticias"],"_links":{"self":[{"href":"https:\/\/acrj.org.br\/index.php\/wp-json\/wp\/v2\/posts\/12559","targetHints":{"allow":["GET"]}}],"collection":[{"href":"https:\/\/acrj.org.br\/index.php\/wp-json\/wp\/v2\/posts"}],"about":[{"href":"https:\/\/acrj.org.br\/index.php\/wp-json\/wp\/v2\/types\/post"}],"author":[{"embeddable":true,"href":"https:\/\/acrj.org.br\/index.php\/wp-json\/wp\/v2\/users\/3"}],"replies":[{"embeddable":true,"href":"https:\/\/acrj.org.br\/index.php\/wp-json\/wp\/v2\/comments?post=12559"}],"version-history":[{"count":0,"href":"https:\/\/acrj.org.br\/index.php\/wp-json\/wp\/v2\/posts\/12559\/revisions"}],"wp:featuredmedia":[{"embeddable":true,"href":"https:\/\/acrj.org.br\/index.php\/wp-json\/wp\/v2\/media\/12560"}],"wp:attachment":[{"href":"https:\/\/acrj.org.br\/index.php\/wp-json\/wp\/v2\/media?parent=12559"}],"wp:term":[{"taxonomy":"category","embeddable":true,"href":"https:\/\/acrj.org.br\/index.php\/wp-json\/wp\/v2\/categories?post=12559"},{"taxonomy":"post_tag","embeddable":true,"href":"https:\/\/acrj.org.br\/index.php\/wp-json\/wp\/v2\/tags?post=12559"}],"curies":[{"name":"wp","href":"https:\/\/api.w.org\/{rel}","templated":true}]}}