{"id":12550,"date":"2022-07-07T12:45:02","date_gmt":"2022-07-07T15:45:02","guid":{"rendered":"https:\/\/acrj.org.br\/?p=12550"},"modified":"2022-07-11T12:07:21","modified_gmt":"2022-07-11T15:07:21","slug":"acrj-comemora-parceria-do-riogaleao-com-a-united-airlines","status":"publish","type":"post","link":"https:\/\/acrj.org.br\/index.php\/2022\/07\/07\/acrj-comemora-parceria-do-riogaleao-com-a-united-airlines\/","title":{"rendered":"Parceria do RIOgale\u00e3o com a United Airlines \u00e9 comemorada pela ACRJ"},"content":{"rendered":"\n<p>A Associa\u00e7\u00e3o Comercial do Rio de Janeiro comemora a not\u00edcia que o RIOgale\u00e3o firmou uma parceria com a United Airlines, que assume o centro de manuten\u00e7\u00e3o de grande aeronaves. De acordo com informa\u00e7\u00f5es divulgadas pela empresa, este centro possui mais de 60 mil m\u00b2 de \u00e1rea total e dever\u00e1 ser inaugurado no final deste ano, permitindo que a companhia americana realize a manuten\u00e7\u00e3o das aeronaves que permanecem no aeroporto por per\u00edodos mais longos ap\u00f3s a realiza\u00e7\u00e3o dos voos.<\/p>\n\n\n\n<p>\u201cEsta \u00e9 uma grande not\u00edcia que interessa diretamente aos cariocas, ao Estado do Rio de Janeiro e ao Brasil. Al\u00e9m gerar centenas de empregos altamente qualificados, esta parceria demonstra a import\u00e2ncia estrat\u00e9gica do Gale\u00e3o e sua relev\u00e2ncia como aeroporto, retroporto e hub fundamental para a avia\u00e7\u00e3o mundial\u201d, ressaltou o presidente da ACRJ, Jos\u00e9 Antonio Nascimento Brito.<\/p>\n","protected":false},"excerpt":{"rendered":"<p>A Associa\u00e7\u00e3o Comercial do Rio de Janeiro comemora a not\u00edcia que o RIOgale\u00e3o firmou uma parceria com a United Airlines, que assume o centro de&hellip;<\/p>\n","protected":false},"author":3,"featured_media":12551,"comment_status":"closed","ping_status":"closed","sticky":false,"template":"","format":"standard","meta":{"_exactmetrics_skip_tracking":false,"_exactmetrics_sitenote_active":false,"_exactmetrics_sitenote_note":"","_exactmetrics_sitenote_category":0,"footnotes":""},"categories":[6],"tags":[],"class_list":["post-12550","post","type-post","status-publish","format-standard","has-post-thumbnail","hentry","category-destaque_noticias"],"_links":{"self":[{"href":"https:\/\/acrj.org.br\/index.php\/wp-json\/wp\/v2\/posts\/12550","targetHints":{"allow":["GET"]}}],"collection":[{"href":"https:\/\/acrj.org.br\/index.php\/wp-json\/wp\/v2\/posts"}],"about":[{"href":"https:\/\/acrj.org.br\/index.php\/wp-json\/wp\/v2\/types\/post"}],"author":[{"embeddable":true,"href":"https:\/\/acrj.org.br\/index.php\/wp-json\/wp\/v2\/users\/3"}],"replies":[{"embeddable":true,"href":"https:\/\/acrj.org.br\/index.php\/wp-json\/wp\/v2\/comments?post=12550"}],"version-history":[{"count":0,"href":"https:\/\/acrj.org.br\/index.php\/wp-json\/wp\/v2\/posts\/12550\/revisions"}],"wp:featuredmedia":[{"embeddable":true,"href":"https:\/\/acrj.org.br\/index.php\/wp-json\/wp\/v2\/media\/12551"}],"wp:attachment":[{"href":"https:\/\/acrj.org.br\/index.php\/wp-json\/wp\/v2\/media?parent=12550"}],"wp:term":[{"taxonomy":"category","embeddable":true,"href":"https:\/\/acrj.org.br\/index.php\/wp-json\/wp\/v2\/categories?post=12550"},{"taxonomy":"post_tag","embeddable":true,"href":"https:\/\/acrj.org.br\/index.php\/wp-json\/wp\/v2\/tags?post=12550"}],"curies":[{"name":"wp","href":"https:\/\/api.w.org\/{rel}","templated":true}]}}