{"id":12520,"date":"2022-07-05T16:55:09","date_gmt":"2022-07-05T19:55:09","guid":{"rendered":"https:\/\/acrj.org.br\/?p=12520"},"modified":"2023-05-03T12:12:41","modified_gmt":"2023-05-03T15:12:41","slug":"presidente-da-alerj-e-homenageado-pela-associacao-comercial","status":"publish","type":"post","link":"https:\/\/acrj.org.br\/index.php\/2022\/07\/05\/presidente-da-alerj-e-homenageado-pela-associacao-comercial\/","title":{"rendered":"Presidente da Alerj \u00e9 homenageado pela Associa\u00e7\u00e3o Comercial"},"content":{"rendered":"\t\t<div data-elementor-type=\"wp-post\" data-elementor-id=\"12520\" class=\"elementor elementor-12520\" data-elementor-post-type=\"post\">\n\t\t\t\t\t\t<section class=\"elementor-section elementor-top-section elementor-element elementor-element-216dd646 elementor-section-boxed elementor-section-height-default elementor-section-height-default\" data-id=\"216dd646\" data-element_type=\"section\" data-e-type=\"section\">\n\t\t\t\t\t\t<div class=\"elementor-container elementor-column-gap-default\">\n\t\t\t\t\t<div class=\"elementor-column elementor-col-100 elementor-top-column elementor-element elementor-element-7ada9c1b\" data-id=\"7ada9c1b\" data-element_type=\"column\" data-e-type=\"column\">\n\t\t\t<div class=\"elementor-widget-wrap elementor-element-populated\">\n\t\t\t\t\t\t<div class=\"elementor-element elementor-element-5b72f292 elementor-widget elementor-widget-text-editor\" data-id=\"5b72f292\" data-element_type=\"widget\" data-e-type=\"widget\" data-widget_type=\"text-editor.default\">\n\t\t\t\t<div class=\"elementor-widget-container\">\n\t\t\t\t\t\t\t\t\t\n<p>O presidente da Assembleia Legislativa do Rio de Janeiro, Andr\u00e9 Ceciliano, foi homenageado pela ACRJ, durante palestra-almo\u00e7o realizada dia 5 de julho. Ele recebeu a medalha Bicenten\u00e1rio do Visconde de Mau\u00e1, a maior honraria da Associa\u00e7\u00e3o Comercial. Em seguida fez a palestra \u201cO Rio pela Vis\u00e3o do Legislativo\u201d.<\/p>\n\n<p>Jos\u00e9 Antonio do Nascimento Brito, presidente da ACRJ, destacou as qualidades do l\u00edder na Assembleia Legislativa. \u201cUma das caracter\u00edsticas que o Ceciliano trouxe para a Alerj foi dialogar com os diversos setores e com a classe empresarial em todas as esferas. Tem um profundo conhecimento sobre os diferentes assuntos e sabe lidar com eles sempre em busca de solu\u00e7\u00f5es\u201d, destacou.<\/p>\n\n<p>De acordo com o presidente Jos\u00e9 Antonio, \u00e9 fundamental que o Rio de Janeiro tenha uma representa\u00e7\u00e3o de peso em Bras\u00edlia. \u201cPela sua visibilidade, o Rio n\u00e3o pode errar na escolha de seus senadores. Precisamos ter uma bancada muito ativa e presente\u201d, afirmou.<\/p>\n\n<p>Na sua palestra, Andr\u00e9 Ceciliano enfatizou que hoje o Rio est\u00e1 em sexto lugar no quesito emprego na ind\u00fastria, quando j\u00e1 ocupou a segunda cola\u00e7\u00e3o. \u201cO Rio se desindustrializou e perdeu muitos postos de trabalho\u201d, disse. Ele lembrou que o estado produz 83% do petr\u00f3leo do pa\u00eds e mais de 70% do g\u00e1s, mas n\u00e3o possui gasoduto para levar o insumo at\u00e9 a Baixada Fluminense.<\/p>\n\n<p>O presidente da Alerj ressaltou ainda que hoje h\u00e1 muito mais di\u00e1logo para tentar resolver os problemas. \u201cVoltamos a discutir e defender o nosso estado. Conversamos com todo mundo. O Rio tem sa\u00edda\u201d, garantiu.<\/p>\n\n<p>A palestra na \u00edntegra est\u00e1 dispon\u00edvel no canal ACRJ Divulga no YouTube.<\/p>\n\n<p>Acesse aqui: <strong><a href=\"https:\/\/youtu.be\/vhVGxNs2Gss\">Parte 1<\/a><\/strong> e <strong><a href=\"https:\/\/youtu.be\/Hk8rxhe0xN4\">Parte 2<\/a><\/strong><\/p>\n\n<p><strong>Fotos: Adolfo Castro<\/strong><\/p>\t\t\t\t\t\t\t\t<\/div>\n\t\t\t\t<\/div>\n\t\t\t\t<div class=\"elementor-element elementor-element-124cf60 elementor-widget elementor-widget-gallery\" data-id=\"124cf60\" data-element_type=\"widget\" data-e-type=\"widget\" data-settings=\"{&quot;columns&quot;:3,&quot;overlay_title&quot;:&quot;caption&quot;,&quot;lazyload&quot;:&quot;yes&quot;,&quot;gallery_layout&quot;:&quot;grid&quot;,&quot;columns_tablet&quot;:2,&quot;columns_mobile&quot;:1,&quot;gap&quot;:{&quot;unit&quot;:&quot;px&quot;,&quot;size&quot;:10,&quot;sizes&quot;:[]},&quot;gap_tablet&quot;:{&quot;unit&quot;:&quot;px&quot;,&quot;size&quot;:10,&quot;sizes&quot;:[]},&quot;gap_mobile&quot;:{&quot;unit&quot;:&quot;px&quot;,&quot;size&quot;:10,&quot;sizes&quot;:[]},&quot;link_to&quot;:&quot;file&quot;,&quot;aspect_ratio&quot;:&quot;3:2&quot;,&quot;overlay_background&quot;:&quot;yes&quot;,&quot;content_hover_animation&quot;:&quot;fade-in&quot;}\" data-widget_type=\"gallery.default\">\n\t\t\t\t<div class=\"elementor-widget-container\">\n\t\t\t\t\t\t\t<div class=\"elementor-gallery__container\">\n\t\t\t\t\t\t\t<a class=\"e-gallery-item elementor-gallery-item elementor-animated-content\" href=\"https:\/\/acrj.org.br\/wp-content\/uploads\/2022\/07\/WhatsApp-Image-2022-07-05-at-13.51.23.jpeg\" data-elementor-open-lightbox=\"yes\" data-elementor-lightbox-slideshow=\"124cf60\" data-elementor-lightbox-title=\"Ceciliano recebe a medalha Bicenten\u00e1rio do Visconde de Mau\u00e1\" data-e-action-hash=\"#elementor-action%3Aaction%3Dlightbox%26settings%3DeyJpZCI6MTI1MjIsInVybCI6Imh0dHBzOlwvXC9hY3JqLm9yZy5iclwvd3AtY29udGVudFwvdXBsb2Fkc1wvMjAyMlwvMDdcL1doYXRzQXBwLUltYWdlLTIwMjItMDctMDUtYXQtMTMuNTEuMjMuanBlZyIsInNsaWRlc2hvdyI6IjEyNGNmNjAifQ%3D%3D\">\n\t\t\t\t\t<div class=\"e-gallery-image elementor-gallery-item__image\" data-thumbnail=\"https:\/\/acrj.org.br\/wp-content\/uploads\/2022\/07\/WhatsApp-Image-2022-07-05-at-13.51.23.jpeg\" data-width=\"1296\" data-height=\"864\" aria-label=\"\" role=\"img\" ><\/div>\n\t\t\t\t\t\t\t\t\t\t\t<div class=\"elementor-gallery-item__overlay\"><\/div>\n\t\t\t\t\t\t\t\t\t\t\t\t\t\t\t<div class=\"elementor-gallery-item__content\">\n\t\t\t\t\t\t\t\t\t\t\t\t\t\t<div class=\"elementor-gallery-item__title\">\n\t\t\t\t\t\t\t\t\t\t\t\t\t\t\t\t\t\tCeciliano recebe a medalha Bicenten\u00e1rio do Visconde de Mau\u00e1\t\t\t\t\t\t\t\t<\/div>\n\t\t\t\t\t\t\t\t\t\t\t\t<\/div>\n\t\t\t\t\t\t\t\t\t<\/a>\n\t\t\t\t\t\t\t<a class=\"e-gallery-item elementor-gallery-item elementor-animated-content\" href=\"https:\/\/acrj.org.br\/wp-content\/uploads\/2022\/07\/WhatsApp-Image-2022-07-05-at-13.49.59.jpeg\" data-elementor-open-lightbox=\"yes\" data-elementor-lightbox-slideshow=\"124cf60\" data-elementor-lightbox-title=\"Ceciliano e presidente Josa\" data-e-action-hash=\"#elementor-action%3Aaction%3Dlightbox%26settings%3DeyJpZCI6MTI1MjMsInVybCI6Imh0dHBzOlwvXC9hY3JqLm9yZy5iclwvd3AtY29udGVudFwvdXBsb2Fkc1wvMjAyMlwvMDdcL1doYXRzQXBwLUltYWdlLTIwMjItMDctMDUtYXQtMTMuNDkuNTkuanBlZyIsInNsaWRlc2hvdyI6IjEyNGNmNjAifQ%3D%3D\">\n\t\t\t\t\t<div class=\"e-gallery-image elementor-gallery-item__image\" data-thumbnail=\"https:\/\/acrj.org.br\/wp-content\/uploads\/2022\/07\/WhatsApp-Image-2022-07-05-at-13.49.59.jpeg\" data-width=\"1296\" data-height=\"864\" aria-label=\"\" role=\"img\" ><\/div>\n\t\t\t\t\t\t\t\t\t\t\t<div class=\"elementor-gallery-item__overlay\"><\/div>\n\t\t\t\t\t\t\t\t\t\t\t\t\t\t\t<div class=\"elementor-gallery-item__content\">\n\t\t\t\t\t\t\t\t\t\t\t\t\t\t<div class=\"elementor-gallery-item__title\">\n\t\t\t\t\t\t\t\t\t\t\t\t\t\t\t\t\t\tCeciliano e presidente Josa\t\t\t\t\t\t\t\t<\/div>\n\t\t\t\t\t\t\t\t\t\t\t\t<\/div>\n\t\t\t\t\t\t\t\t\t<\/a>\n\t\t\t\t\t\t\t<a class=\"e-gallery-item elementor-gallery-item elementor-animated-content\" href=\"https:\/\/acrj.org.br\/wp-content\/uploads\/2022\/07\/WhatsApp-Image-2022-07-05-at-13.49.20.jpeg\" data-elementor-open-lightbox=\"yes\" data-elementor-lightbox-slideshow=\"124cf60\" data-e-action-hash=\"#elementor-action%3Aaction%3Dlightbox%26settings%3DeyJpZCI6MTI1MjUsInVybCI6Imh0dHBzOlwvXC9hY3JqLm9yZy5iclwvd3AtY29udGVudFwvdXBsb2Fkc1wvMjAyMlwvMDdcL1doYXRzQXBwLUltYWdlLTIwMjItMDctMDUtYXQtMTMuNDkuMjAuanBlZyIsInNsaWRlc2hvdyI6IjEyNGNmNjAifQ%3D%3D\">\n\t\t\t\t\t<div class=\"e-gallery-image elementor-gallery-item__image\" data-thumbnail=\"https:\/\/acrj.org.br\/wp-content\/uploads\/2022\/07\/WhatsApp-Image-2022-07-05-at-13.49.20.jpeg\" data-width=\"1296\" data-height=\"864\" aria-label=\"\" role=\"img\" ><\/div>\n\t\t\t\t\t\t\t\t\t\t\t<div class=\"elementor-gallery-item__overlay\"><\/div>\n\t\t\t\t\t\t\t\t\t\t\t\t\t\t\t<div class=\"elementor-gallery-item__content\">\n\t\t\t\t\t\t\t\t\t\t\t<\/div>\n\t\t\t\t\t\t\t\t\t<\/a>\n\t\t\t\t\t\t\t<a class=\"e-gallery-item elementor-gallery-item elementor-animated-content\" href=\"https:\/\/acrj.org.br\/wp-content\/uploads\/2022\/07\/WhatsApp-Image-2022-07-05-at-13.47.27.jpeg\" data-elementor-open-lightbox=\"yes\" data-elementor-lightbox-slideshow=\"124cf60\" data-elementor-lightbox-title=\"Eduardo Gussem, desembargador Ricardo Rodrigues e Marfan Vieira, procurador do MP\" data-e-action-hash=\"#elementor-action%3Aaction%3Dlightbox%26settings%3DeyJpZCI6MTI1MjYsInVybCI6Imh0dHBzOlwvXC9hY3JqLm9yZy5iclwvd3AtY29udGVudFwvdXBsb2Fkc1wvMjAyMlwvMDdcL1doYXRzQXBwLUltYWdlLTIwMjItMDctMDUtYXQtMTMuNDcuMjcuanBlZyIsInNsaWRlc2hvdyI6IjEyNGNmNjAifQ%3D%3D\">\n\t\t\t\t\t<div class=\"e-gallery-image elementor-gallery-item__image\" data-thumbnail=\"https:\/\/acrj.org.br\/wp-content\/uploads\/2022\/07\/WhatsApp-Image-2022-07-05-at-13.47.27.jpeg\" data-width=\"1296\" data-height=\"864\" aria-label=\"\" role=\"img\" ><\/div>\n\t\t\t\t\t\t\t\t\t\t\t<div class=\"elementor-gallery-item__overlay\"><\/div>\n\t\t\t\t\t\t\t\t\t\t\t\t\t\t\t<div class=\"elementor-gallery-item__content\">\n\t\t\t\t\t\t\t\t\t\t\t\t\t\t<div class=\"elementor-gallery-item__title\">\n\t\t\t\t\t\t\t\t\t\t\t\t\t\t\t\t\t\tEduardo Gussem, desembargador Ricardo Rodrigues e Marfan Vieira, procurador do MP\t\t\t\t\t\t\t\t<\/div>\n\t\t\t\t\t\t\t\t\t\t\t\t<\/div>\n\t\t\t\t\t\t\t\t\t<\/a>\n\t\t\t\t\t\t\t<a class=\"e-gallery-item elementor-gallery-item elementor-animated-content\" href=\"https:\/\/acrj.org.br\/wp-content\/uploads\/2022\/07\/WhatsApp-Image-2022-07-05-at-13.46.05.jpeg\" data-elementor-open-lightbox=\"yes\" data-elementor-lightbox-slideshow=\"124cf60\" data-elementor-lightbox-title=\"Geiza Rocha, do F\u00f3rum de Desenvolvimento do Rio da Alerj\" data-e-action-hash=\"#elementor-action%3Aaction%3Dlightbox%26settings%3DeyJpZCI6MTI1MjgsInVybCI6Imh0dHBzOlwvXC9hY3JqLm9yZy5iclwvd3AtY29udGVudFwvdXBsb2Fkc1wvMjAyMlwvMDdcL1doYXRzQXBwLUltYWdlLTIwMjItMDctMDUtYXQtMTMuNDYuMDUuanBlZyIsInNsaWRlc2hvdyI6IjEyNGNmNjAifQ%3D%3D\">\n\t\t\t\t\t<div class=\"e-gallery-image elementor-gallery-item__image\" data-thumbnail=\"https:\/\/acrj.org.br\/wp-content\/uploads\/2022\/07\/WhatsApp-Image-2022-07-05-at-13.46.05.jpeg\" data-width=\"1296\" data-height=\"864\" aria-label=\"\" role=\"img\" ><\/div>\n\t\t\t\t\t\t\t\t\t\t\t<div class=\"elementor-gallery-item__overlay\"><\/div>\n\t\t\t\t\t\t\t\t\t\t\t\t\t\t\t<div class=\"elementor-gallery-item__content\">\n\t\t\t\t\t\t\t\t\t\t\t\t\t\t<div class=\"elementor-gallery-item__title\">\n\t\t\t\t\t\t\t\t\t\t\t\t\t\t\t\t\t\tGeiza Rocha, do F\u00f3rum de Desenvolvimento do Rio da Alerj\t\t\t\t\t\t\t\t<\/div>\n\t\t\t\t\t\t\t\t\t\t\t\t<\/div>\n\t\t\t\t\t\t\t\t\t<\/a>\n\t\t\t\t\t\t\t<a class=\"e-gallery-item elementor-gallery-item elementor-animated-content\" href=\"https:\/\/acrj.org.br\/wp-content\/uploads\/2022\/07\/WhatsApp-Image-2022-07-05-at-13.17.26.jpeg\" data-elementor-open-lightbox=\"yes\" data-elementor-lightbox-slideshow=\"124cf60\" data-e-action-hash=\"#elementor-action%3Aaction%3Dlightbox%26settings%3DeyJpZCI6MTI1MjQsInVybCI6Imh0dHBzOlwvXC9hY3JqLm9yZy5iclwvd3AtY29udGVudFwvdXBsb2Fkc1wvMjAyMlwvMDdcL1doYXRzQXBwLUltYWdlLTIwMjItMDctMDUtYXQtMTMuMTcuMjYuanBlZyIsInNsaWRlc2hvdyI6IjEyNGNmNjAifQ%3D%3D\">\n\t\t\t\t\t<div class=\"e-gallery-image elementor-gallery-item__image\" data-thumbnail=\"https:\/\/acrj.org.br\/wp-content\/uploads\/2022\/07\/WhatsApp-Image-2022-07-05-at-13.17.26.jpeg\" data-width=\"1600\" data-height=\"1200\" aria-label=\"\" role=\"img\" ><\/div>\n\t\t\t\t\t\t\t\t\t\t\t<div class=\"elementor-gallery-item__overlay\"><\/div>\n\t\t\t\t\t\t\t\t\t\t\t\t\t\t\t<div class=\"elementor-gallery-item__content\">\n\t\t\t\t\t\t\t\t\t\t\t<\/div>\n\t\t\t\t\t\t\t\t\t<\/a>\n\t\t\t\t\t<\/div>\n\t\t\t\t\t<\/div>\n\t\t\t\t<\/div>\n\t\t\t\t\t<\/div>\n\t\t<\/div>\n\t\t\t\t\t<\/div>\n\t\t<\/section>\n\t\t\t\t<\/div>\n\t\t","protected":false},"excerpt":{"rendered":"<p>O presidente da Assembleia Legislativa do Rio de Janeiro, Andr\u00e9 Ceciliano, foi homenageado pela ACRJ, durante palestra-almo\u00e7o realizada dia 5 de julho. Ele recebeu a&hellip;<\/p>\n","protected":false},"author":3,"featured_media":12521,"comment_status":"closed","ping_status":"open","sticky":false,"template":"","format":"standard","meta":{"_exactmetrics_skip_tracking":false,"_exactmetrics_sitenote_active":false,"_exactmetrics_sitenote_note":"","_exactmetrics_sitenote_category":0,"footnotes":""},"categories":[6],"tags":[],"class_list":["post-12520","post","type-post","status-publish","format-standard","has-post-thumbnail","hentry","category-destaque_noticias"],"_links":{"self":[{"href":"https:\/\/acrj.org.br\/index.php\/wp-json\/wp\/v2\/posts\/12520","targetHints":{"allow":["GET"]}}],"collection":[{"href":"https:\/\/acrj.org.br\/index.php\/wp-json\/wp\/v2\/posts"}],"about":[{"href":"https:\/\/acrj.org.br\/index.php\/wp-json\/wp\/v2\/types\/post"}],"author":[{"embeddable":true,"href":"https:\/\/acrj.org.br\/index.php\/wp-json\/wp\/v2\/users\/3"}],"replies":[{"embeddable":true,"href":"https:\/\/acrj.org.br\/index.php\/wp-json\/wp\/v2\/comments?post=12520"}],"version-history":[{"count":0,"href":"https:\/\/acrj.org.br\/index.php\/wp-json\/wp\/v2\/posts\/12520\/revisions"}],"wp:featuredmedia":[{"embeddable":true,"href":"https:\/\/acrj.org.br\/index.php\/wp-json\/wp\/v2\/media\/12521"}],"wp:attachment":[{"href":"https:\/\/acrj.org.br\/index.php\/wp-json\/wp\/v2\/media?parent=12520"}],"wp:term":[{"taxonomy":"category","embeddable":true,"href":"https:\/\/acrj.org.br\/index.php\/wp-json\/wp\/v2\/categories?post=12520"},{"taxonomy":"post_tag","embeddable":true,"href":"https:\/\/acrj.org.br\/index.php\/wp-json\/wp\/v2\/tags?post=12520"}],"curies":[{"name":"wp","href":"https:\/\/api.w.org\/{rel}","templated":true}]}}