{"id":12516,"date":"2022-07-04T14:13:00","date_gmt":"2022-07-04T17:13:00","guid":{"rendered":"https:\/\/acrj.org.br\/?p=12516"},"modified":"2022-07-06T16:31:20","modified_gmt":"2022-07-06T19:31:20","slug":"coleta-seletiva-e-logistica-reversa-serao-os-temas-da-reuniao-do-conselho-de-inovacao","status":"publish","type":"post","link":"https:\/\/acrj.org.br\/index.php\/2022\/07\/04\/coleta-seletiva-e-logistica-reversa-serao-os-temas-da-reuniao-do-conselho-de-inovacao\/","title":{"rendered":"Coleta seletiva e log\u00edstica reversa ser\u00e3o os temas da reuni\u00e3o do Conselho de Inova\u00e7\u00e3o"},"content":{"rendered":"\n<p>O CEO da plataforma tecnol\u00f3gica Minha Coleta, Eduardo Nascimento, \u00e9 o convidado do Conselho Empresarial de Inova\u00e7\u00e3o, Comunica\u00e7\u00e3o e Tecnologia da ACRJ. A reuni\u00e3o que acontece nesta 3\u00aa feira (5 de julho), \u00e0s 14h30, vai abordar o tema \u201cFa\u00e7a da minha coleta a sua coleta\u201d. <\/p>\n\n\n\n<p>O evento \u00e9 gratuito e ser\u00e1 transmitido pelo Zoom. <strong><a href=\"https:\/\/us06web.zoom.us\/meeting\/register\/tZUpdu2uqjgiEtWcnGaNfej3GCjFCWvAQsEZ\">Inscri\u00e7\u00f5es aqui.<\/a><\/strong><\/p>\n","protected":false},"excerpt":{"rendered":"<p>O CEO da plataforma tecnol\u00f3gica Minha Coleta, Eduardo Nascimento, \u00e9 o convidado do Conselho Empresarial de Inova\u00e7\u00e3o, Comunica\u00e7\u00e3o e Tecnologia da ACRJ. A reuni\u00e3o que&hellip;<\/p>\n","protected":false},"author":3,"featured_media":12517,"comment_status":"closed","ping_status":"open","sticky":false,"template":"","format":"standard","meta":{"_exactmetrics_skip_tracking":false,"_exactmetrics_sitenote_active":false,"_exactmetrics_sitenote_note":"","_exactmetrics_sitenote_category":0,"footnotes":""},"categories":[10],"tags":[],"class_list":["post-12516","post","type-post","status-publish","format-standard","has-post-thumbnail","hentry","category-noticias"],"_links":{"self":[{"href":"https:\/\/acrj.org.br\/index.php\/wp-json\/wp\/v2\/posts\/12516","targetHints":{"allow":["GET"]}}],"collection":[{"href":"https:\/\/acrj.org.br\/index.php\/wp-json\/wp\/v2\/posts"}],"about":[{"href":"https:\/\/acrj.org.br\/index.php\/wp-json\/wp\/v2\/types\/post"}],"author":[{"embeddable":true,"href":"https:\/\/acrj.org.br\/index.php\/wp-json\/wp\/v2\/users\/3"}],"replies":[{"embeddable":true,"href":"https:\/\/acrj.org.br\/index.php\/wp-json\/wp\/v2\/comments?post=12516"}],"version-history":[{"count":0,"href":"https:\/\/acrj.org.br\/index.php\/wp-json\/wp\/v2\/posts\/12516\/revisions"}],"wp:featuredmedia":[{"embeddable":true,"href":"https:\/\/acrj.org.br\/index.php\/wp-json\/wp\/v2\/media\/12517"}],"wp:attachment":[{"href":"https:\/\/acrj.org.br\/index.php\/wp-json\/wp\/v2\/media?parent=12516"}],"wp:term":[{"taxonomy":"category","embeddable":true,"href":"https:\/\/acrj.org.br\/index.php\/wp-json\/wp\/v2\/categories?post=12516"},{"taxonomy":"post_tag","embeddable":true,"href":"https:\/\/acrj.org.br\/index.php\/wp-json\/wp\/v2\/tags?post=12516"}],"curies":[{"name":"wp","href":"https:\/\/api.w.org\/{rel}","templated":true}]}}