{"id":12497,"date":"2022-07-04T14:12:00","date_gmt":"2022-07-04T17:12:00","guid":{"rendered":"https:\/\/acrj.org.br\/?p=12497"},"modified":"2022-07-05T17:01:04","modified_gmt":"2022-07-05T20:01:04","slug":"conselho-de-jovens-promove-debate-sobre-lideres-do-amanha","status":"publish","type":"post","link":"https:\/\/acrj.org.br\/index.php\/2022\/07\/04\/conselho-de-jovens-promove-debate-sobre-lideres-do-amanha\/","title":{"rendered":"Conselho de Jovens promove debate sobre &#8220;L\u00edderes do Amanh\u00e3&#8221;"},"content":{"rendered":"\n<p>O Conselho Empresarial de Jovens da ACRJ recebe, dia 6 de julho, \u00e0s 12h30, o economista Paulo Rabello de Castro, ex-presidente do BNDES e do IBGE, e o diretor-executivo da ECP Environmental Solutions, Carlos Favoreto, para participar do painel L\u00edderes do Amanh\u00e3, durante a reuni\u00e3o ordin\u00e1ria do Conselho. O encontro tamb\u00e9m far\u00e1 a diploma\u00e7\u00e3o dos conselheiros.<\/p>\n\n\n\n<p>O almo\u00e7o ser\u00e1 por ades\u00e3o. Para informa\u00e7\u00f5es sobre valores ligar para 2514-1203. <\/p>\n\n\n\n<p>Inscri\u00e7\u00f5es <strong><a href=\"https:\/\/docs.google.com\/forms\/d\/e\/1FAIpQLSeq2lTKATOdiE9kQ5u6iS1mhgKcdEaaQGSvlewjhCXUjvhH8A\/viewform\">aqui<\/a><\/strong> <\/p>\n","protected":false},"excerpt":{"rendered":"<p>O Conselho Empresarial de Jovens da ACRJ recebe, dia 6 de julho, \u00e0s 12h30, o economista Paulo Rabello de Castro, ex-presidente do BNDES e do&hellip;<\/p>\n","protected":false},"author":3,"featured_media":12498,"comment_status":"closed","ping_status":"closed","sticky":false,"template":"","format":"standard","meta":{"_exactmetrics_skip_tracking":false,"_exactmetrics_sitenote_active":false,"_exactmetrics_sitenote_note":"","_exactmetrics_sitenote_category":0,"footnotes":""},"categories":[10],"tags":[],"class_list":["post-12497","post","type-post","status-publish","format-standard","has-post-thumbnail","hentry","category-noticias"],"_links":{"self":[{"href":"https:\/\/acrj.org.br\/index.php\/wp-json\/wp\/v2\/posts\/12497","targetHints":{"allow":["GET"]}}],"collection":[{"href":"https:\/\/acrj.org.br\/index.php\/wp-json\/wp\/v2\/posts"}],"about":[{"href":"https:\/\/acrj.org.br\/index.php\/wp-json\/wp\/v2\/types\/post"}],"author":[{"embeddable":true,"href":"https:\/\/acrj.org.br\/index.php\/wp-json\/wp\/v2\/users\/3"}],"replies":[{"embeddable":true,"href":"https:\/\/acrj.org.br\/index.php\/wp-json\/wp\/v2\/comments?post=12497"}],"version-history":[{"count":0,"href":"https:\/\/acrj.org.br\/index.php\/wp-json\/wp\/v2\/posts\/12497\/revisions"}],"wp:featuredmedia":[{"embeddable":true,"href":"https:\/\/acrj.org.br\/index.php\/wp-json\/wp\/v2\/media\/12498"}],"wp:attachment":[{"href":"https:\/\/acrj.org.br\/index.php\/wp-json\/wp\/v2\/media?parent=12497"}],"wp:term":[{"taxonomy":"category","embeddable":true,"href":"https:\/\/acrj.org.br\/index.php\/wp-json\/wp\/v2\/categories?post=12497"},{"taxonomy":"post_tag","embeddable":true,"href":"https:\/\/acrj.org.br\/index.php\/wp-json\/wp\/v2\/tags?post=12497"}],"curies":[{"name":"wp","href":"https:\/\/api.w.org\/{rel}","templated":true}]}}