{"id":12469,"date":"2022-07-01T09:40:00","date_gmt":"2022-07-01T12:40:00","guid":{"rendered":"https:\/\/acrj.org.br\/?p=12469"},"modified":"2022-07-05T16:57:15","modified_gmt":"2022-07-05T19:57:15","slug":"acrj-promove-debate-sobre-a-saf-sociedade-anonima-do-futebol-no-seminario-o-futuro-do-futebol-brasileiro","status":"publish","type":"post","link":"https:\/\/acrj.org.br\/index.php\/2022\/07\/01\/acrj-promove-debate-sobre-a-saf-sociedade-anonima-do-futebol-no-seminario-o-futuro-do-futebol-brasileiro\/","title":{"rendered":"ACRJ promove debate sobre a SAF &#8211; Sociedade An\u00f4nima do Futebol no semin\u00e1rio \u201cO Futuro do Futebol Brasileiro\u201d"},"content":{"rendered":"\n<p>A Associa\u00e7\u00e3o Comercial do Rio de Janeiro realizar\u00e1, no dia 8 de julho, o semin\u00e1rio \u201cO Futuro do Futebol Brasileiro \u2013 debate sobre a Sociedade An\u00f4nima do Futebol \u2013 SAF\u201d, com o objetivo de tra\u00e7ar um panorama do setor, trazendo a vis\u00e3o dos profissionais de futebol sobre o assunto. O evento ser\u00e1 realizado de forma presencial, com in\u00edcio \u00e0s 13h, na sede da ACRJ (Rua Candel\u00e1ria, 9\/12\u00ba andar &#8211; Centro).<\/p>\n\n\n\n<p>Na programa\u00e7\u00e3o, nomes como o senador Carlos Portinho, l\u00edder do governo no Senado; deputado federal Pedro Paulo; o presidente do Conselho Empresarial de Esporte da ACRJ, Lars Grael; a presidente do Conselho Empresarial de Competitividade, Ambiente de Neg\u00f3cios e Agroneg\u00f3cio da ACRJ, Irini Tsouroutsoglou; o vice-presidente executivo de Opera\u00e7\u00f5es da Copa do Mundo FIFA Catar 2022, Ricardo Trade; o presidente do Cruzeiro S\u00e9rgio Santos Rodrigues; e a procuradora-geral da Fazenda Nacional Thayana Felix Mendes; dentre outros (programa\u00e7\u00e3o completa abaixo).<\/p>\n\n\n\n<p>Para participar do evento fa\u00e7a sua inscri\u00e7\u00e3o <strong><a href=\"https:\/\/docs.google.com\/forms\/d\/1N1-k_ypkHs8lCb5WxkSaInrgr30pwprYIanftRdszWc\/edit\">aqui<\/a><\/strong><\/p>\n\n\n\n<figure class=\"wp-block-image size-large is-resized\"><img fetchpriority=\"high\" decoding=\"async\" src=\"https:\/\/acrj.org.br\/wp-content\/uploads\/2022\/06\/080722_seminario_futuro_futebol_brasileiro-473x1024.jpg\" alt=\"\" class=\"wp-image-12472\" width=\"436\" height=\"944\" srcset=\"https:\/\/acrj.org.br\/wp-content\/uploads\/2022\/06\/080722_seminario_futuro_futebol_brasileiro-473x1024.jpg 473w, https:\/\/acrj.org.br\/wp-content\/uploads\/2022\/06\/080722_seminario_futuro_futebol_brasileiro-scaled-600x1298.jpg 600w, https:\/\/acrj.org.br\/wp-content\/uploads\/2022\/06\/080722_seminario_futuro_futebol_brasileiro-139x300.jpg 139w, https:\/\/acrj.org.br\/wp-content\/uploads\/2022\/06\/080722_seminario_futuro_futebol_brasileiro-768x1662.jpg 768w, https:\/\/acrj.org.br\/wp-content\/uploads\/2022\/06\/080722_seminario_futuro_futebol_brasileiro-710x1536.jpg 710w, https:\/\/acrj.org.br\/wp-content\/uploads\/2022\/06\/080722_seminario_futuro_futebol_brasileiro-947x2048.jpg 947w, https:\/\/acrj.org.br\/wp-content\/uploads\/2022\/06\/080722_seminario_futuro_futebol_brasileiro-scaled.jpg 1183w\" sizes=\"(max-width: 436px) 100vw, 436px\" \/><\/figure>\n\n\n\n<p><\/p>\n","protected":false},"excerpt":{"rendered":"<p>A Associa\u00e7\u00e3o Comercial do Rio de Janeiro realizar\u00e1, no dia 8 de julho, o semin\u00e1rio \u201cO Futuro do Futebol Brasileiro \u2013 debate sobre a Sociedade&hellip;<\/p>\n","protected":false},"author":3,"featured_media":12470,"comment_status":"closed","ping_status":"open","sticky":false,"template":"","format":"standard","meta":{"_exactmetrics_skip_tracking":false,"_exactmetrics_sitenote_active":false,"_exactmetrics_sitenote_note":"","_exactmetrics_sitenote_category":0,"footnotes":""},"categories":[6],"tags":[],"class_list":["post-12469","post","type-post","status-publish","format-standard","has-post-thumbnail","hentry","category-destaque_noticias"],"_links":{"self":[{"href":"https:\/\/acrj.org.br\/index.php\/wp-json\/wp\/v2\/posts\/12469","targetHints":{"allow":["GET"]}}],"collection":[{"href":"https:\/\/acrj.org.br\/index.php\/wp-json\/wp\/v2\/posts"}],"about":[{"href":"https:\/\/acrj.org.br\/index.php\/wp-json\/wp\/v2\/types\/post"}],"author":[{"embeddable":true,"href":"https:\/\/acrj.org.br\/index.php\/wp-json\/wp\/v2\/users\/3"}],"replies":[{"embeddable":true,"href":"https:\/\/acrj.org.br\/index.php\/wp-json\/wp\/v2\/comments?post=12469"}],"version-history":[{"count":0,"href":"https:\/\/acrj.org.br\/index.php\/wp-json\/wp\/v2\/posts\/12469\/revisions"}],"wp:featuredmedia":[{"embeddable":true,"href":"https:\/\/acrj.org.br\/index.php\/wp-json\/wp\/v2\/media\/12470"}],"wp:attachment":[{"href":"https:\/\/acrj.org.br\/index.php\/wp-json\/wp\/v2\/media?parent=12469"}],"wp:term":[{"taxonomy":"category","embeddable":true,"href":"https:\/\/acrj.org.br\/index.php\/wp-json\/wp\/v2\/categories?post=12469"},{"taxonomy":"post_tag","embeddable":true,"href":"https:\/\/acrj.org.br\/index.php\/wp-json\/wp\/v2\/tags?post=12469"}],"curies":[{"name":"wp","href":"https:\/\/api.w.org\/{rel}","templated":true}]}}