{"id":12385,"date":"2022-07-04T14:15:00","date_gmt":"2022-07-04T17:15:00","guid":{"rendered":"https:\/\/acrj.org.br\/?p=12385"},"modified":"2022-07-05T17:00:34","modified_gmt":"2022-07-05T20:00:34","slug":"agenda-esg-futuro-global-sera-debatida-pela-acrj","status":"publish","type":"post","link":"https:\/\/acrj.org.br\/index.php\/2022\/07\/04\/agenda-esg-futuro-global-sera-debatida-pela-acrj\/","title":{"rendered":"Agenda ESG: Futuro Global ser\u00e1 debatida pela ACRJ"},"content":{"rendered":"\n<p>O Conselho Empresarial de Governan\u00e7a, Compliance e Diversidade da ACRJ promove, dia 8 de julho, \u00e0s 10 horas, o Semin\u00e1rio <strong>Agenda ESG: Futuro Global<\/strong>. O encontro contar\u00e1 com a participa\u00e7\u00e3o das especialistas Liana Cunha, Juliana Oliveira e Anne Caroline Prud\u00eancio, al\u00e9m do presidente do Conselho, Humberto Mota Filho.<\/p>\n\n\n\n<p>Na oportunidade ser\u00e1 lan\u00e7ado o livro Esg: O Cisne Verde e o Capitalismo de Stakeholder, coordenado por Juliana Oliveira Nascimento. A publica\u00e7\u00e3o aborda, entre outros assuntos, aspectos ambientais na perspectiva das mudan\u00e7as clim\u00e1ticas, os desafios dos aspectos sociais abordando sobre diversidade, e de governan\u00e7a corporativa, compreendendo temas como riscos, inova\u00e7\u00e3o, fintechs, privaty equity, auditoria interna, etc.<\/p>\n\n\n\n<p>O encontro ser\u00e1 virtual. <strong><a href=\"https:\/\/us06web.zoom.us\/meeting\/register\/tZcudO-uqD4uHt2XYiWoR-k8YZgPpu_5HUnc\">Inscri\u00e7\u00f5es aqui.<\/a><\/strong><\/p>\n\n\n\n<figure class=\"wp-block-image size-full is-resized is-style-default\"><img fetchpriority=\"high\" decoding=\"async\" src=\"https:\/\/acrj.org.br\/wp-content\/uploads\/2022\/06\/CE-compliance_8_jul_22.jpg\" alt=\"\" class=\"wp-image-12387\" width=\"480\" height=\"577\" srcset=\"https:\/\/acrj.org.br\/wp-content\/uploads\/2022\/06\/CE-compliance_8_jul_22.jpg 800w, https:\/\/acrj.org.br\/wp-content\/uploads\/2022\/06\/CE-compliance_8_jul_22-600x722.jpg 600w, https:\/\/acrj.org.br\/wp-content\/uploads\/2022\/06\/CE-compliance_8_jul_22-249x300.jpg 249w, https:\/\/acrj.org.br\/wp-content\/uploads\/2022\/06\/CE-compliance_8_jul_22-768x924.jpg 768w\" sizes=\"(max-width: 480px) 100vw, 480px\" \/><\/figure>\n","protected":false},"excerpt":{"rendered":"<p>O Conselho Empresarial de Governan\u00e7a, Compliance e Diversidade da ACRJ promove, dia 8 de julho, \u00e0s 10 horas, o Semin\u00e1rio Agenda ESG: Futuro Global. O&hellip;<\/p>\n","protected":false},"author":3,"featured_media":12386,"comment_status":"closed","ping_status":"closed","sticky":false,"template":"","format":"standard","meta":{"_exactmetrics_skip_tracking":false,"_exactmetrics_sitenote_active":false,"_exactmetrics_sitenote_note":"","_exactmetrics_sitenote_category":0,"footnotes":""},"categories":[10],"tags":[],"class_list":["post-12385","post","type-post","status-publish","format-standard","has-post-thumbnail","hentry","category-noticias"],"_links":{"self":[{"href":"https:\/\/acrj.org.br\/index.php\/wp-json\/wp\/v2\/posts\/12385","targetHints":{"allow":["GET"]}}],"collection":[{"href":"https:\/\/acrj.org.br\/index.php\/wp-json\/wp\/v2\/posts"}],"about":[{"href":"https:\/\/acrj.org.br\/index.php\/wp-json\/wp\/v2\/types\/post"}],"author":[{"embeddable":true,"href":"https:\/\/acrj.org.br\/index.php\/wp-json\/wp\/v2\/users\/3"}],"replies":[{"embeddable":true,"href":"https:\/\/acrj.org.br\/index.php\/wp-json\/wp\/v2\/comments?post=12385"}],"version-history":[{"count":0,"href":"https:\/\/acrj.org.br\/index.php\/wp-json\/wp\/v2\/posts\/12385\/revisions"}],"wp:featuredmedia":[{"embeddable":true,"href":"https:\/\/acrj.org.br\/index.php\/wp-json\/wp\/v2\/media\/12386"}],"wp:attachment":[{"href":"https:\/\/acrj.org.br\/index.php\/wp-json\/wp\/v2\/media?parent=12385"}],"wp:term":[{"taxonomy":"category","embeddable":true,"href":"https:\/\/acrj.org.br\/index.php\/wp-json\/wp\/v2\/categories?post=12385"},{"taxonomy":"post_tag","embeddable":true,"href":"https:\/\/acrj.org.br\/index.php\/wp-json\/wp\/v2\/tags?post=12385"}],"curies":[{"name":"wp","href":"https:\/\/api.w.org\/{rel}","templated":true}]}}