{"id":11972,"date":"2022-05-30T12:00:17","date_gmt":"2022-05-30T15:00:17","guid":{"rendered":"https:\/\/acrj.org.br\/?p=11972"},"modified":"2022-05-30T12:00:18","modified_gmt":"2022-05-30T15:00:18","slug":"gilberto-ururahy-lanca-livro-sobre-saude-e-prevencao","status":"publish","type":"post","link":"https:\/\/acrj.org.br\/index.php\/2022\/05\/30\/gilberto-ururahy-lanca-livro-sobre-saude-e-prevencao\/","title":{"rendered":"Gilberto Ururahy lan\u00e7a livro sobre sa\u00fade e preven\u00e7\u00e3o"},"content":{"rendered":"\n<p>O presidente do Conselho Empresarial de Medicina e Bem-Estar da ACRJ, Gilberto Ururahy, vai lan\u00e7ar no pr\u00f3ximo dia 9 de junho o livro \u201cSa\u00fade &amp; Preven\u00e7\u00e3o\u201d. A publica\u00e7\u00e3o foi escrita em conjunto com o m\u00e9dico Galileu Assis.<br>Trata-se de um guia para a busca de uma vida saud\u00e1vel, incluindo \u201calimenta\u00e7\u00e3o balanceada, atividade f\u00edsica regular e sono reparador\u201d de modo a prevenir doen\u00e7as. Com a pandemia da Covid, dizem os autores, \u00e9 importante \u201ccuidarmos bem da sa\u00fade para n\u00e3o haver necessidade de tratarmos a doen\u00e7a\u201d.<br>Ururahy concedeu entrevista para o Canal Futura dando detalhes sobre o livro. <\/p>\n\n\n\n<p>Para assistir, <strong><a href=\"https:\/\/canaisglobo.globo.com\/assistir\/futura\/identidade-brasil\/v\/10612141\/\">acesse aqui<\/a><\/strong><\/p>\n","protected":false},"excerpt":{"rendered":"<p>O presidente do Conselho Empresarial de Medicina e Bem-Estar da ACRJ, Gilberto Ururahy, vai lan\u00e7ar no pr\u00f3ximo dia 9 de junho o livro \u201cSa\u00fade &amp;&hellip;<\/p>\n","protected":false},"author":3,"featured_media":11973,"comment_status":"closed","ping_status":"open","sticky":false,"template":"","format":"standard","meta":{"_exactmetrics_skip_tracking":false,"_exactmetrics_sitenote_active":false,"_exactmetrics_sitenote_note":"","_exactmetrics_sitenote_category":0,"footnotes":""},"categories":[10],"tags":[],"class_list":["post-11972","post","type-post","status-publish","format-standard","has-post-thumbnail","hentry","category-noticias"],"_links":{"self":[{"href":"https:\/\/acrj.org.br\/index.php\/wp-json\/wp\/v2\/posts\/11972","targetHints":{"allow":["GET"]}}],"collection":[{"href":"https:\/\/acrj.org.br\/index.php\/wp-json\/wp\/v2\/posts"}],"about":[{"href":"https:\/\/acrj.org.br\/index.php\/wp-json\/wp\/v2\/types\/post"}],"author":[{"embeddable":true,"href":"https:\/\/acrj.org.br\/index.php\/wp-json\/wp\/v2\/users\/3"}],"replies":[{"embeddable":true,"href":"https:\/\/acrj.org.br\/index.php\/wp-json\/wp\/v2\/comments?post=11972"}],"version-history":[{"count":0,"href":"https:\/\/acrj.org.br\/index.php\/wp-json\/wp\/v2\/posts\/11972\/revisions"}],"wp:featuredmedia":[{"embeddable":true,"href":"https:\/\/acrj.org.br\/index.php\/wp-json\/wp\/v2\/media\/11973"}],"wp:attachment":[{"href":"https:\/\/acrj.org.br\/index.php\/wp-json\/wp\/v2\/media?parent=11972"}],"wp:term":[{"taxonomy":"category","embeddable":true,"href":"https:\/\/acrj.org.br\/index.php\/wp-json\/wp\/v2\/categories?post=11972"},{"taxonomy":"post_tag","embeddable":true,"href":"https:\/\/acrj.org.br\/index.php\/wp-json\/wp\/v2\/tags?post=11972"}],"curies":[{"name":"wp","href":"https:\/\/api.w.org\/{rel}","templated":true}]}}