{"id":11935,"date":"2022-05-27T15:14:00","date_gmt":"2022-05-27T18:14:00","guid":{"rendered":"https:\/\/acrj.org.br\/?p=11935"},"modified":"2022-05-27T11:32:08","modified_gmt":"2022-05-27T14:32:08","slug":"instituto-pereira-passos-lanca-livro-sobre-urbanismo-tatico","status":"publish","type":"post","link":"https:\/\/acrj.org.br\/index.php\/2022\/05\/27\/instituto-pereira-passos-lanca-livro-sobre-urbanismo-tatico\/","title":{"rendered":"Instituto Pereira Passos lan\u00e7a livro sobre urbanismo t\u00e1tico"},"content":{"rendered":"\n<p>O Instituto Pereira Passos, da Prefeitura do Rio, convida para o lan\u00e7amento do livro &#8220;Urbanismo T\u00e1tico: X a\u00e7\u00f5es para transformar cidades&#8221;, escrito pela arquiteta e urbanista, Adriana Sans\u00e3o Fontes, em parceria com os alunos do curso de Arquitetura e Urbanismo, Jo\u00e3o Pedro Pina e Larissa Martins de Paiva. O lan\u00e7amento ser\u00e1 no Audit\u00f3rio Carlos Nelson, no IPP, no dia 31 de maio (ter\u00e7a-feira), \u00e0s 17h.<br>O livro analisa os processos pelos quais o urbanismo t\u00e1tico tem sido incorporado na cria\u00e7\u00e3o de pol\u00edticas de recupera\u00e7\u00e3o e ativa\u00e7\u00e3o de espa\u00e7os p\u00fablicos no cen\u00e1rio contempor\u00e2neo, apresentando nove casos em metr\u00f3poles brasileiras e estrangeiras, al\u00e9m de um caso especial sobre as adapta\u00e7\u00f5es emergenciais de espa\u00e7os p\u00fablicos no contexto da Covid-19.<\/p>\n\n\n\n<p>O evento \u00e9 aberto ao p\u00fablico.<\/p>\n\n\n\n<p><strong><a href=\"https:\/\/www.caurj.gov.br\/instituto-pereira-passos-lanca-livro-sobre-urbanismo-tatico\/\">Outras informa\u00e7\u00f5es aqui<\/a><\/strong><\/p>\n\n\n\n<figure class=\"wp-block-image size-large is-resized\"><img fetchpriority=\"high\" decoding=\"async\" src=\"https:\/\/acrj.org.br\/wp-content\/uploads\/2022\/05\/livro-urbanismo-575x1024.png\" alt=\"\" class=\"wp-image-11937\" width=\"297\" height=\"529\" srcset=\"https:\/\/acrj.org.br\/wp-content\/uploads\/2022\/05\/livro-urbanismo-575x1024.png 575w, https:\/\/acrj.org.br\/wp-content\/uploads\/2022\/05\/livro-urbanismo-600x1068.png 600w, https:\/\/acrj.org.br\/wp-content\/uploads\/2022\/05\/livro-urbanismo-169x300.png 169w, https:\/\/acrj.org.br\/wp-content\/uploads\/2022\/05\/livro-urbanismo.png 668w\" sizes=\"(max-width: 297px) 100vw, 297px\" \/><\/figure>\n","protected":false},"excerpt":{"rendered":"<p>O Instituto Pereira Passos, da Prefeitura do Rio, convida para o lan\u00e7amento do livro &#8220;Urbanismo T\u00e1tico: X a\u00e7\u00f5es para transformar cidades&#8221;, escrito pela arquiteta e&hellip;<\/p>\n","protected":false},"author":3,"featured_media":11936,"comment_status":"closed","ping_status":"closed","sticky":false,"template":"","format":"standard","meta":{"_exactmetrics_skip_tracking":false,"_exactmetrics_sitenote_active":false,"_exactmetrics_sitenote_note":"","_exactmetrics_sitenote_category":0,"footnotes":""},"categories":[10],"tags":[],"class_list":["post-11935","post","type-post","status-publish","format-standard","has-post-thumbnail","hentry","category-noticias"],"_links":{"self":[{"href":"https:\/\/acrj.org.br\/index.php\/wp-json\/wp\/v2\/posts\/11935","targetHints":{"allow":["GET"]}}],"collection":[{"href":"https:\/\/acrj.org.br\/index.php\/wp-json\/wp\/v2\/posts"}],"about":[{"href":"https:\/\/acrj.org.br\/index.php\/wp-json\/wp\/v2\/types\/post"}],"author":[{"embeddable":true,"href":"https:\/\/acrj.org.br\/index.php\/wp-json\/wp\/v2\/users\/3"}],"replies":[{"embeddable":true,"href":"https:\/\/acrj.org.br\/index.php\/wp-json\/wp\/v2\/comments?post=11935"}],"version-history":[{"count":0,"href":"https:\/\/acrj.org.br\/index.php\/wp-json\/wp\/v2\/posts\/11935\/revisions"}],"wp:featuredmedia":[{"embeddable":true,"href":"https:\/\/acrj.org.br\/index.php\/wp-json\/wp\/v2\/media\/11936"}],"wp:attachment":[{"href":"https:\/\/acrj.org.br\/index.php\/wp-json\/wp\/v2\/media?parent=11935"}],"wp:term":[{"taxonomy":"category","embeddable":true,"href":"https:\/\/acrj.org.br\/index.php\/wp-json\/wp\/v2\/categories?post=11935"},{"taxonomy":"post_tag","embeddable":true,"href":"https:\/\/acrj.org.br\/index.php\/wp-json\/wp\/v2\/tags?post=11935"}],"curies":[{"name":"wp","href":"https:\/\/api.w.org\/{rel}","templated":true}]}}