{"id":1192,"date":"2020-02-10T21:11:05","date_gmt":"2020-02-11T00:11:05","guid":{"rendered":"http:\/\/acrj2020.profissional.ws\/?p=1192"},"modified":"2020-03-11T20:30:24","modified_gmt":"2020-03-11T23:30:24","slug":"reforma-tributaria-e-a-mais-importante-para-o-brasil-afirma-presidente-da-camara","status":"publish","type":"post","link":"https:\/\/acrj.org.br\/index.php\/2020\/02\/10\/reforma-tributaria-e-a-mais-importante-para-o-brasil-afirma-presidente-da-camara\/","title":{"rendered":"Reforma tribut\u00e1ria \u00e9 \u201ca mais importante\u201d para o Brasil, afirma presidente da C\u00e2mara"},"content":{"rendered":"\t\t<div data-elementor-type=\"wp-post\" data-elementor-id=\"1192\" class=\"elementor elementor-1192\" data-elementor-post-type=\"post\">\n\t\t\t\t\t\t<section class=\"elementor-section elementor-top-section elementor-element elementor-element-5bcf2ec0 elementor-section-full_width elementor-section-height-default elementor-section-height-default\" data-id=\"5bcf2ec0\" data-element_type=\"section\" data-e-type=\"section\">\n\t\t\t\t\t\t<div class=\"elementor-container elementor-column-gap-no\">\n\t\t\t\t\t<div class=\"elementor-column elementor-col-100 elementor-top-column elementor-element elementor-element-61c5df3f\" data-id=\"61c5df3f\" data-element_type=\"column\" data-e-type=\"column\">\n\t\t\t<div class=\"elementor-widget-wrap elementor-element-populated\">\n\t\t\t\t\t\t<div class=\"elementor-element elementor-element-645aa46f elementor-widget elementor-widget-text-editor\" data-id=\"645aa46f\" data-element_type=\"widget\" data-e-type=\"widget\" data-widget_type=\"text-editor.default\">\n\t\t\t\t<div class=\"elementor-widget-container\">\n\t\t\t\t\t\t\t\t\t\n<p>O presidente da C\u00e2mara dos Deputados, Rodrigo Maia, ressaltou que a reforma tribut\u00e1ria \u00e9 \u201ca mais importante\u201d e que sem ela o Brasil \u201cn\u00e3o volta a crescer e gerar emprego\u201d. A afirma\u00e7\u00e3o foi feita durante o Almo\u00e7o do Empres\u00e1rio, promovido pela ACRJ.<\/p>\n\n<p>Segundo o deputado, \u201co Brasil tem que parar de ser contra e come\u00e7ar a ser a favor\u201d. \u201cN\u00e3o podemos esquecer que o Brasil tem uma base da sociedade muito insatisfeita\u201d, se referindo aos acontecimentos no Chile e Col\u00f4mbia como exemplos para a urg\u00eancia nas reformas.<\/p>\n\n<p>Sobre as negocia\u00e7\u00f5es para destravar a reforma tribut\u00e1ria, o deputado tamb\u00e9m comentou que \u201ca tributa\u00e7\u00e3o de grandes fortunas n\u00e3o est\u00e1 na sua agenda\u201d.\u00a0 \u201cNunca tratei desse assunto. O que est\u00e1 na minha agenda \u00e9 a possibilidade de tributar lucros e dividendos reduzindo a al\u00edquota da pessoa jur\u00eddica\u201d, informou.<\/p>\n\n<p>Maia comentou ainda sobre a autonomia do Banco Central e a nova lei cambial. De acordo com o deputado, a vota\u00e7\u00e3o dever\u00e1 ser logo ap\u00f3s o Carnaval.<\/p>\n\n<p>Na abertura do evento, a presidente da ACRJ, Angela Costa, expressou preocupa\u00e7\u00e3o com a forte crise econ\u00f4mica do estado do Rio de Janeiro e solicitou ao deputado Rodrigo Maia e aos parlamentares presentes a\u00e7\u00f5es que possam ajudar o estado a sair da atual situa\u00e7\u00e3o. \u201cA economia fluminense tem sofrido muito mais que outros estados. Grandes ind\u00fastrias deixaram o Rio nos \u00faltimos anos. As m\u00e9dias e pequenas empresas lutam por sua sobreviv\u00eancia. O com\u00e9rcio tamb\u00e9m sofre com desemprego, quest\u00f5es de seguran\u00e7a, aumento da informalidade, entre outros problemas. Tudo isso se reflete em queda nas vendas\u201d, ressaltou.<\/p>\n\n<p>Segundo ela, essa realidade n\u00e3o \u00e9 segredo para o presidente da C\u00e2mara, que tem ra\u00edzes no Rio de Janeiro, e acrescentou: \u201cN\u00e3o entenda, por\u00e9m, que estamos pedindo tratamento privilegiado para a economia de nosso estado. O momento exige a busca urgente de solu\u00e7\u00f5es que ajudem o Rio a vencer as dificuldades que est\u00e1 enfrentando.\u201d<\/p>\n\n<p>Angela Costa destacou ainda que se o cen\u00e1rio j\u00e1 \u00e9 dif\u00edcil, pode ficar ainda pior se o plen\u00e1rio do STF, na reuni\u00e3o prevista para abril, decidir derrubar a liminar da ministra Carmen L\u00facia que, em 2013, garantiu os royalties do Rio de Janeiro. \u201cO que seria um enorme retrocesso. Ser\u00e1 decisiva a press\u00e3o da bancada fluminense no Congresso para que o estado do Rio de Janeiro e seus munic\u00edpios n\u00e3o se tornem invi\u00e1veis\u201d, afirmou a presidente da ACRJ.<\/p>\n\n<p>&#8220;\u00c9 \u00f3bvio que a quest\u00e3o dos royalties, no STF, \u00e9 uma preocupa\u00e7\u00e3o de todos n\u00f3s. A gente tem acompanhado de forma permanente. Tenho conversado com o presidente do STF, Dias Toffoli, com a ministra C\u00e1rmen L\u00facia, para que a gente encontre uma sa\u00edda que n\u00e3o prejudique o estado &#8220;, garantiu Rodrigo Maia.<\/p>\n\n<p>Segundo o deputado, &#8220;o Rio n\u00e3o pode correr o risco de, em abril, sofrer uma derrota no Supremo que a\u00ed sim, voltamos \u00e0 estaca zero. Voltamos a inviabilizar o estado do Rio de Janeiro.&#8221;<\/p>\n\n<p>Estiveram presentes no evento os presidentes da Associa\u00e7\u00e3o Comercial de S\u00e3o Paulo, Alfredo Cotait Neto e da Associa\u00e7\u00e3o Comercial de Minas Gerais, Aguinaldo Diniz Filho, al\u00e9m de outras autoridades e convidados, como o governador do Rio de Janeiro, Wilson Witzel e o presidente da Assembleia Legislativa do Rio de Janeiro, Andr\u00e9 Ceciliano.<\/p>\n\n<figure class=\"wp-block-gallery columns-0 is-cropped wp-block-gallery-2 is-layout-flex wp-block-gallery-is-layout-flex\"><\/figure>\n\t\t\t\t\t\t\t\t<\/div>\n\t\t\t\t<\/div>\n\t\t\t\t\t<\/div>\n\t\t<\/div>\n\t\t\t\t\t<\/div>\n\t\t<\/section>\n\t\t\t\t<section class=\"elementor-section elementor-top-section elementor-element elementor-element-9fa8bee elementor-section-boxed elementor-section-height-default elementor-section-height-default\" data-id=\"9fa8bee\" data-element_type=\"section\" data-e-type=\"section\">\n\t\t\t\t\t\t<div class=\"elementor-container elementor-column-gap-default\">\n\t\t\t\t\t<div class=\"elementor-column elementor-col-100 elementor-top-column elementor-element elementor-element-3ff3399\" data-id=\"3ff3399\" data-element_type=\"column\" data-e-type=\"column\">\n\t\t\t<div class=\"elementor-widget-wrap elementor-element-populated\">\n\t\t\t\t\t\t<div class=\"elementor-element elementor-element-bf6b65a elementor-widget elementor-widget-spacer\" data-id=\"bf6b65a\" data-element_type=\"widget\" data-e-type=\"widget\" data-widget_type=\"spacer.default\">\n\t\t\t\t<div class=\"elementor-widget-container\">\n\t\t\t\t\t\t\t<div class=\"elementor-spacer\">\n\t\t\t<div class=\"elementor-spacer-inner\"><\/div>\n\t\t<\/div>\n\t\t\t\t\t\t<\/div>\n\t\t\t\t<\/div>\n\t\t\t\t<div class=\"elementor-element elementor-element-5b37abf elementor-widget elementor-widget-gallery\" data-id=\"5b37abf\" data-element_type=\"widget\" data-e-type=\"widget\" data-settings=\"{&quot;columns&quot;:3,&quot;lazyload&quot;:&quot;yes&quot;,&quot;gallery_layout&quot;:&quot;grid&quot;,&quot;columns_tablet&quot;:2,&quot;columns_mobile&quot;:1,&quot;gap&quot;:{&quot;unit&quot;:&quot;px&quot;,&quot;size&quot;:10,&quot;sizes&quot;:[]},&quot;gap_tablet&quot;:{&quot;unit&quot;:&quot;px&quot;,&quot;size&quot;:10,&quot;sizes&quot;:[]},&quot;gap_mobile&quot;:{&quot;unit&quot;:&quot;px&quot;,&quot;size&quot;:10,&quot;sizes&quot;:[]},&quot;link_to&quot;:&quot;file&quot;,&quot;aspect_ratio&quot;:&quot;3:2&quot;,&quot;overlay_background&quot;:&quot;yes&quot;,&quot;content_hover_animation&quot;:&quot;fade-in&quot;}\" data-widget_type=\"gallery.default\">\n\t\t\t\t<div class=\"elementor-widget-container\">\n\t\t\t\t\t\t\t<div class=\"elementor-gallery__container\">\n\t\t\t\t\t\t\t<a class=\"e-gallery-item elementor-gallery-item elementor-animated-content\" href=\"https:\/\/acrj.org.br\/wp-content\/uploads\/2020\/02\/dsc_0299redux-scaled.jpg\" data-elementor-open-lightbox=\"yes\" data-elementor-lightbox-slideshow=\"5b37abf\" data-elementor-lightbox-title=\"dsc_0299redux\" data-e-action-hash=\"#elementor-action%3Aaction%3Dlightbox%26settings%3DeyJpZCI6MTE5NiwidXJsIjoiaHR0cHM6XC9cL2Fjcmoub3JnLmJyXC93cC1jb250ZW50XC91cGxvYWRzXC8yMDIwXC8wMlwvZHNjXzAyOTlyZWR1eC1zY2FsZWQuanBnIiwic2xpZGVzaG93IjoiNWIzN2FiZiJ9\">\n\t\t\t\t\t<div class=\"e-gallery-image elementor-gallery-item__image\" data-thumbnail=\"https:\/\/acrj.org.br\/wp-content\/uploads\/2020\/02\/dsc_0299redux-300x200.jpg\" data-width=\"300\" data-height=\"200\" aria-label=\"\" role=\"img\" ><\/div>\n\t\t\t\t\t\t\t\t\t\t\t<div class=\"elementor-gallery-item__overlay\"><\/div>\n\t\t\t\t\t\t\t\t\t\t\t\t\t\t<\/a>\n\t\t\t\t\t\t\t<a class=\"e-gallery-item elementor-gallery-item elementor-animated-content\" href=\"https:\/\/acrj.org.br\/wp-content\/uploads\/2020\/02\/dsc_0236materia.jpg\" data-elementor-open-lightbox=\"yes\" data-elementor-lightbox-slideshow=\"5b37abf\" data-elementor-lightbox-title=\"dsc_0236materia\" data-e-action-hash=\"#elementor-action%3Aaction%3Dlightbox%26settings%3DeyJpZCI6MTE5MywidXJsIjoiaHR0cHM6XC9cL2Fjcmoub3JnLmJyXC93cC1jb250ZW50XC91cGxvYWRzXC8yMDIwXC8wMlwvZHNjXzAyMzZtYXRlcmlhLmpwZyIsInNsaWRlc2hvdyI6IjViMzdhYmYifQ%3D%3D\">\n\t\t\t\t\t<div class=\"e-gallery-image elementor-gallery-item__image\" data-thumbnail=\"https:\/\/acrj.org.br\/wp-content\/uploads\/2020\/02\/dsc_0236materia-300x223.jpg\" data-width=\"300\" data-height=\"223\" aria-label=\"\" role=\"img\" ><\/div>\n\t\t\t\t\t\t\t\t\t\t\t<div class=\"elementor-gallery-item__overlay\"><\/div>\n\t\t\t\t\t\t\t\t\t\t\t\t\t\t<\/a>\n\t\t\t\t\t\t\t<a class=\"e-gallery-item elementor-gallery-item elementor-animated-content\" href=\"https:\/\/acrj.org.br\/wp-content\/uploads\/2020\/02\/pres_associacao_minas_sp.jpeg\" data-elementor-open-lightbox=\"yes\" data-elementor-lightbox-slideshow=\"5b37abf\" data-elementor-lightbox-title=\"pres_associacao_minas_sp\" data-e-action-hash=\"#elementor-action%3Aaction%3Dlightbox%26settings%3DeyJpZCI6MTE5NSwidXJsIjoiaHR0cHM6XC9cL2Fjcmoub3JnLmJyXC93cC1jb250ZW50XC91cGxvYWRzXC8yMDIwXC8wMlwvcHJlc19hc3NvY2lhY2FvX21pbmFzX3NwLmpwZWciLCJzbGlkZXNob3ciOiI1YjM3YWJmIn0%3D\">\n\t\t\t\t\t<div class=\"e-gallery-image elementor-gallery-item__image\" data-thumbnail=\"https:\/\/acrj.org.br\/wp-content\/uploads\/2020\/02\/pres_associacao_minas_sp-300x258.jpeg\" data-width=\"300\" data-height=\"258\" aria-label=\"\" role=\"img\" ><\/div>\n\t\t\t\t\t\t\t\t\t\t\t<div class=\"elementor-gallery-item__overlay\"><\/div>\n\t\t\t\t\t\t\t\t\t\t\t\t\t\t<\/a>\n\t\t\t\t\t<\/div>\n\t\t\t\t\t<\/div>\n\t\t\t\t<\/div>\n\t\t\t\t\t<\/div>\n\t\t<\/div>\n\t\t\t\t\t<\/div>\n\t\t<\/section>\n\t\t\t\t<\/div>\n\t\t","protected":false},"excerpt":{"rendered":"<p>O presidente da C\u00e2mara dos Deputados, Rodrigo Maia, ressaltou que a reforma tribut\u00e1ria \u00e9 \u201ca mais importante\u201d e que sem ela o Brasil \u201cn\u00e3o volta&hellip;<\/p>\n","protected":false},"author":1,"featured_media":3201,"comment_status":"closed","ping_status":"closed","sticky":false,"template":"","format":"standard","meta":{"_exactmetrics_skip_tracking":false,"_exactmetrics_sitenote_active":false,"_exactmetrics_sitenote_note":"","_exactmetrics_sitenote_category":0,"footnotes":""},"categories":[10],"tags":[],"class_list":["post-1192","post","type-post","status-publish","format-standard","has-post-thumbnail","hentry","category-noticias"],"_links":{"self":[{"href":"https:\/\/acrj.org.br\/index.php\/wp-json\/wp\/v2\/posts\/1192","targetHints":{"allow":["GET"]}}],"collection":[{"href":"https:\/\/acrj.org.br\/index.php\/wp-json\/wp\/v2\/posts"}],"about":[{"href":"https:\/\/acrj.org.br\/index.php\/wp-json\/wp\/v2\/types\/post"}],"author":[{"embeddable":true,"href":"https:\/\/acrj.org.br\/index.php\/wp-json\/wp\/v2\/users\/1"}],"replies":[{"embeddable":true,"href":"https:\/\/acrj.org.br\/index.php\/wp-json\/wp\/v2\/comments?post=1192"}],"version-history":[{"count":0,"href":"https:\/\/acrj.org.br\/index.php\/wp-json\/wp\/v2\/posts\/1192\/revisions"}],"wp:featuredmedia":[{"embeddable":true,"href":"https:\/\/acrj.org.br\/index.php\/wp-json\/wp\/v2\/media\/3201"}],"wp:attachment":[{"href":"https:\/\/acrj.org.br\/index.php\/wp-json\/wp\/v2\/media?parent=1192"}],"wp:term":[{"taxonomy":"category","embeddable":true,"href":"https:\/\/acrj.org.br\/index.php\/wp-json\/wp\/v2\/categories?post=1192"},{"taxonomy":"post_tag","embeddable":true,"href":"https:\/\/acrj.org.br\/index.php\/wp-json\/wp\/v2\/tags?post=1192"}],"curies":[{"name":"wp","href":"https:\/\/api.w.org\/{rel}","templated":true}]}}