{"id":1189,"date":"2020-02-14T21:04:42","date_gmt":"2020-02-15T00:04:42","guid":{"rendered":"http:\/\/acrj2020.profissional.ws\/?p=1189"},"modified":"2020-03-02T20:15:38","modified_gmt":"2020-03-02T23:15:38","slug":"conselheiros-da-acrj-consideram-dificil-aprovacao-da-reforma-administrativa-em-2020-mas-acham-imprescindivel-nao-regredir-na-trilha-das-reformas-indispensaveis","status":"publish","type":"post","link":"https:\/\/acrj.org.br\/index.php\/2020\/02\/14\/conselheiros-da-acrj-consideram-dificil-aprovacao-da-reforma-administrativa-em-2020-mas-acham-imprescindivel-nao-regredir-na-trilha-das-reformas-indispensaveis\/","title":{"rendered":"Conselheiros da ACRJ consideram dif\u00edcil aprova\u00e7\u00e3o da Reforma Administrativa em 2020"},"content":{"rendered":"\t\t<div data-elementor-type=\"wp-post\" data-elementor-id=\"1189\" class=\"elementor elementor-1189\" data-elementor-post-type=\"post\">\n\t\t\t\t\t\t<section class=\"elementor-section elementor-top-section elementor-element elementor-element-4d1ee3bb .conteudo_artigo  elementor-section-boxed elementor-section-height-default elementor-section-height-default\" data-id=\"4d1ee3bb\" data-element_type=\"section\" data-e-type=\"section\">\n\t\t\t\t\t\t<div class=\"elementor-container elementor-column-gap-default\">\n\t\t\t\t\t<div class=\"elementor-column elementor-col-100 elementor-top-column elementor-element elementor-element-2c17f270\" data-id=\"2c17f270\" data-element_type=\"column\" data-e-type=\"column\">\n\t\t\t<div class=\"elementor-widget-wrap elementor-element-populated\">\n\t\t\t\t\t\t<div class=\"elementor-element elementor-element-476ccba1 elementor-widget elementor-widget-text-editor\" data-id=\"476ccba1\" data-element_type=\"widget\" data-e-type=\"widget\" data-widget_type=\"text-editor.default\">\n\t\t\t\t<div class=\"elementor-widget-container\">\n\t\t\t\t\t\t\t\t\t\n<p>A reuni\u00e3o do Conselho Empresarial de Pol\u00edticas Econ\u00f4micas da ACRJ foi marcada pela an\u00e1lise das reformas Administrativa e Tribut\u00e1ria. Para os conselheiros, a prioridade em 2020, \u00e9 a aprova\u00e7\u00e3o das PECs desbucratizantes (Propostas de Emenda Constitucional), em especial a de Emerg\u00eancia, indispens\u00e1vel para os casos de graves crises fiscais da Uni\u00e3o ou dos Estados.\u00a0<\/p>\n\n<p>\u201cEm termos de prioridade, as PECs s\u00e3o as mais urgentes de aprecia\u00e7\u00e3o. Em rela\u00e7\u00e3o a aprova\u00e7\u00e3o da Reforma Administrativa, pela sua natureza \u00e9 complicado que passe no Congresso em um ano eleitoral\u201d, avaliou o presidente do Conselho Empresarial de Pol\u00edticas Econ\u00f4micas, embaixador Marc\u00edlio Marques Moreira.<\/p>\n\n<p>De acordo com os conselheiros, foi precipitado o modo como o Governo apresentou a Reforma Tribut\u00e1ria, mudando todo o sistema tribut\u00e1rio existente em vez de priorizar a sua simplifica\u00e7\u00e3o. Eles analisaram que o ministro da Economia Paulo Guedes est\u00e1 procurando um \u201cimposto para a era digital\u201d, tal como os europeus est\u00e3o tentando para taxar a Amazon, Google, Facebook e Apple, ainda sem sucesso. \u201cFala-se no retorno da CPMF. O mundo mudou, a CPMF n\u00e3o deveria entrar mais em discuss\u00e3o. O primeiro passo deve ser simplificar levando em conta o momento atual em que vivemos\u201d, afirmou Marc\u00edlio Marques Moreira.\u00a0\u00a0<\/p>\n\n<p>Os conselheiros concordaram que a Reforma Tribut\u00e1ria passa pela simplifica\u00e7\u00e3o dos impostos, incluindo a retirada de obriga\u00e7\u00f5es acess\u00f3rias burocr\u00e1ticas e muitas vezes incoerentes.<\/p>\n\n<p>Durante a reuni\u00e3o, trataram da economia americana, europeia e chinesa, al\u00e9m da brasileira. Segundo eles, a economia dos Estados Unidos est\u00e1 dando sinais positivos, est\u00e1 indo bem e, se nada acontecer, pode vir a assegurar a reelei\u00e7\u00e3o do presidente Donald Trump. No que diz respeito aos chineses, os conselheiros acreditam que o pa\u00eds vai procurar pisar no acelerador uma vez superado o problema do coronav\u00edrus, afim de melhorar e permitir \u00e0 obten\u00e7\u00e3o da meta de crescimento de 6% em 2020.<\/p>\n\n<p>Quanto \u00e0 economia brasileira reconheceram que os desafios a superar s\u00e3o grandes, mas que a previs\u00e3o de crescimento entre 2% e 2,5% ainda \u00e9 a mais consistente.<\/p>\n\t\t\t\t\t\t\t\t<\/div>\n\t\t\t\t<\/div>\n\t\t\t\t\t<\/div>\n\t\t<\/div>\n\t\t\t\t\t<\/div>\n\t\t<\/section>\n\t\t\t\t<\/div>\n\t\t","protected":false},"excerpt":{"rendered":"<p>A reuni\u00e3o do Conselho Empresarial de Pol\u00edticas Econ\u00f4micas da ACRJ foi marcada pela an\u00e1lise das reformas Administrativa e Tribut\u00e1ria. Para os conselheiros, a prioridade em&hellip;<\/p>\n","protected":false},"author":1,"featured_media":1190,"comment_status":"closed","ping_status":"closed","sticky":false,"template":"","format":"standard","meta":{"_exactmetrics_skip_tracking":false,"_exactmetrics_sitenote_active":false,"_exactmetrics_sitenote_note":"","_exactmetrics_sitenote_category":0,"footnotes":""},"categories":[10],"tags":[],"class_list":["post-1189","post","type-post","status-publish","format-standard","has-post-thumbnail","hentry","category-noticias"],"_links":{"self":[{"href":"https:\/\/acrj.org.br\/index.php\/wp-json\/wp\/v2\/posts\/1189","targetHints":{"allow":["GET"]}}],"collection":[{"href":"https:\/\/acrj.org.br\/index.php\/wp-json\/wp\/v2\/posts"}],"about":[{"href":"https:\/\/acrj.org.br\/index.php\/wp-json\/wp\/v2\/types\/post"}],"author":[{"embeddable":true,"href":"https:\/\/acrj.org.br\/index.php\/wp-json\/wp\/v2\/users\/1"}],"replies":[{"embeddable":true,"href":"https:\/\/acrj.org.br\/index.php\/wp-json\/wp\/v2\/comments?post=1189"}],"version-history":[{"count":0,"href":"https:\/\/acrj.org.br\/index.php\/wp-json\/wp\/v2\/posts\/1189\/revisions"}],"wp:featuredmedia":[{"embeddable":true,"href":"https:\/\/acrj.org.br\/index.php\/wp-json\/wp\/v2\/media\/1190"}],"wp:attachment":[{"href":"https:\/\/acrj.org.br\/index.php\/wp-json\/wp\/v2\/media?parent=1189"}],"wp:term":[{"taxonomy":"category","embeddable":true,"href":"https:\/\/acrj.org.br\/index.php\/wp-json\/wp\/v2\/categories?post=1189"},{"taxonomy":"post_tag","embeddable":true,"href":"https:\/\/acrj.org.br\/index.php\/wp-json\/wp\/v2\/tags?post=1189"}],"curies":[{"name":"wp","href":"https:\/\/api.w.org\/{rel}","templated":true}]}}