{"id":11873,"date":"2022-07-04T11:41:00","date_gmt":"2022-07-04T14:41:00","guid":{"rendered":"https:\/\/acrj.org.br\/?p=11873"},"modified":"2022-07-06T16:34:59","modified_gmt":"2022-07-06T19:34:59","slug":"5g-crescimento-economico-e-o-rio-de-janeiro","status":"publish","type":"post","link":"https:\/\/acrj.org.br\/index.php\/2022\/07\/04\/5g-crescimento-economico-e-o-rio-de-janeiro\/","title":{"rendered":"5G, crescimento econ\u00f4mico e o Rio de Janeiro"},"content":{"rendered":"\n<p>Artigo publicado pelo<strong> <\/strong>vice-presidente dos Conselhos Empresariais da ACRJ, Alberto Blois, no portal Converg\u00eancia Digital, dia 23\/5\/2022<\/p>\n\n\n\n<p>2022 \u00e9 o ano do 5G no Brasil. A tecnologia, que enfim permitir\u00e1 a interconex\u00e3o de equipamentos e dispositivos, possibilitando o acesso a produtos inovadores e utilidades dom\u00e9sticas, vir\u00e1 para nos colocar no rol dos poucos pa\u00edses que j\u00e1 oferecem planos 5G. Se h\u00e1 5 anos, n\u00e3o sab\u00edamos como estar\u00edamos trabalhando hoje, agora, com o 5G e a evolu\u00e7\u00e3o da Internet das Coisas (IoT), n\u00e3o fazemos ideia de como vamos trabalhar daqui a alguns anos. Por isso, \u00e9 muito importante que cada passo do processo seja muito bem articulado.<\/p>\n\n\n\n<p>Neste sentido, foi formado, em mar\u00e7o deste ano, um Grupo de Trabalho que ir\u00e1 discutir e acompanhar, junto ao governo, a implanta\u00e7\u00e3o do 5G no Estado do Rio de Janeiro. No GT, representantes da Associa\u00e7\u00e3o Comercial do Rio de Janeiro (ACRJ), da Associa\u00e7\u00e3o das Emissoras de R\u00e1dio e Televis\u00e3o do Estado do Rio de Janeiro (AERJ), da Fecom\u00e9rcio e da Firjan, al\u00e9m de outras entidades parceiras que j\u00e1 se disponibilizaram para participar das reuni\u00f5es.<\/p>\n\n\n\n<p>S\u00e3o muitos os desafios que teremos pela frente. Atualmente, mais de 20 milh\u00f5es de pessoas no Rio de Janeiro fazem uso da telefonia m\u00f3vel e 3,4 milh\u00f5es t\u00eam acesso a banda larga fixa. O compromisso de implanta\u00e7\u00e3o da nova rede de 5G, previsto em edital, imp\u00f5e \u00e0s empresas de telecomunica\u00e7\u00e3o a instala\u00e7\u00e3o de uma esta\u00e7\u00e3o r\u00e1dio base pr\u00f3pria para cada 10 mil habitantes. O prazo para que isso ocorra nas capitais brasileiras vai at\u00e9 o \u00faltimo dia de julho de 2025, e que at\u00e9 o final de 2030 todas as localidades do pa\u00eds dever\u00e3o contar com pelo menos uma antena de 5G.<\/p>\n\n\n\n<p>As empresas de telecomunica\u00e7\u00e3o j\u00e1 firmaram uma s\u00e9rie de compromissos com o governo do Rio. Todas as sedes municipais, at\u00e9 o prazo limite, ter\u00e3o acesso \u00e0 rede 5G. E mais: 14 sedes municipais com 4G ou tecnologia superior; 45 localidades n\u00e3o sede com 5G; 119 localidades n\u00e3o sede com 4G ou tecnologia superior; e 55 trechos de rodovias federais, totalizando 254 km com cobertura 5G.<\/p>\n\n\n\n<p>No \u00e2mbito jur\u00eddico, \u00e9 urgente o esfor\u00e7o dos entes municipais para aprovar legisla\u00e7\u00f5es que viabilizem o processo, o que j\u00e1 vem sendo muito bem trabalhado por integrantes do GT, com o desenvolvimento e a apresenta\u00e7\u00e3o aos prefeitos do que pode vir a ser a Lei das Antenas. N\u00e3o falo de legislar sobre radia\u00e7\u00e3o eletromagn\u00e9tica, pois essa \u00e9 uma atribui\u00e7\u00e3o da Anatel, mas de estabelecer um processo centralizado e objetivo, que propicie a obten\u00e7\u00e3o de autoriza\u00e7\u00f5es no prazo inferior a dois meses, n\u00e3o impondo custos adicionais \u00e0 tramita\u00e7\u00e3o do processo.<\/p>\n\n\n\n<p>Precisamos fazer uma revolu\u00e7\u00e3o digital, garantindo a conectividade a todos. O 5G permite o controle e compilamento de dados de forma descentralizada, tanto na parte restrita \u00e0 ind\u00fastria, mas tamb\u00e9m facilitando o controle de agentes de outros Estados. Hoje temos equipamentos da ind\u00fastria funcionando 24h por dia controlados de forma automatizada. Tamb\u00e9m na medicina, no transporte e na educa\u00e7\u00e3o. O 5G n\u00e3o \u00e9 a resposta em si, mas o in\u00edcio de um processo necess\u00e1rio e sem volta. Se quisermos crescer e nos manter competitivos no mundo globalizado, precisamos estar preparados para o futuro, e o futuro \u00e9 o 5G. N\u00e3o existe crescimento econ\u00f4mico sem essa transforma\u00e7\u00e3o digital.<\/p>\n\n\n\n<p><strong><a href=\"https:\/\/www.convergenciadigital.com.br\/Opiniao\/5G%2C-crescimento-economico-e-o-Rio-de-Janeiro-60378.html\">Acesse aqui <\/a><\/strong><\/p>\n","protected":false},"excerpt":{"rendered":"<p>Artigo publicado pelo vice-presidente dos Conselhos Empresariais da ACRJ, Alberto Blois,<\/p>\n","protected":false},"author":3,"featured_media":5079,"comment_status":"closed","ping_status":"closed","sticky":false,"template":"","format":"standard","meta":{"_exactmetrics_skip_tracking":false,"_exactmetrics_sitenote_active":false,"_exactmetrics_sitenote_note":"","_exactmetrics_sitenote_category":0,"footnotes":""},"categories":[12],"tags":[],"class_list":["post-11873","post","type-post","status-publish","format-standard","has-post-thumbnail","hentry","category-artigos"],"_links":{"self":[{"href":"https:\/\/acrj.org.br\/index.php\/wp-json\/wp\/v2\/posts\/11873","targetHints":{"allow":["GET"]}}],"collection":[{"href":"https:\/\/acrj.org.br\/index.php\/wp-json\/wp\/v2\/posts"}],"about":[{"href":"https:\/\/acrj.org.br\/index.php\/wp-json\/wp\/v2\/types\/post"}],"author":[{"embeddable":true,"href":"https:\/\/acrj.org.br\/index.php\/wp-json\/wp\/v2\/users\/3"}],"replies":[{"embeddable":true,"href":"https:\/\/acrj.org.br\/index.php\/wp-json\/wp\/v2\/comments?post=11873"}],"version-history":[{"count":0,"href":"https:\/\/acrj.org.br\/index.php\/wp-json\/wp\/v2\/posts\/11873\/revisions"}],"wp:featuredmedia":[{"embeddable":true,"href":"https:\/\/acrj.org.br\/index.php\/wp-json\/wp\/v2\/media\/5079"}],"wp:attachment":[{"href":"https:\/\/acrj.org.br\/index.php\/wp-json\/wp\/v2\/media?parent=11873"}],"wp:term":[{"taxonomy":"category","embeddable":true,"href":"https:\/\/acrj.org.br\/index.php\/wp-json\/wp\/v2\/categories?post=11873"},{"taxonomy":"post_tag","embeddable":true,"href":"https:\/\/acrj.org.br\/index.php\/wp-json\/wp\/v2\/tags?post=11873"}],"curies":[{"name":"wp","href":"https:\/\/api.w.org\/{rel}","templated":true}]}}