{"id":11748,"date":"2022-05-11T17:14:41","date_gmt":"2022-05-11T20:14:41","guid":{"rendered":"https:\/\/acrj.org.br\/?p=11748"},"modified":"2023-06-06T15:15:47","modified_gmt":"2023-06-06T18:15:47","slug":"uma-boa-gestao-e-fundamental-para-a-preservacao-dos-patrimonios-culturais-diz-especialista-durante-reuniao-da-acrj","status":"publish","type":"post","link":"https:\/\/acrj.org.br\/index.php\/2022\/05\/11\/uma-boa-gestao-e-fundamental-para-a-preservacao-dos-patrimonios-culturais-diz-especialista-durante-reuniao-da-acrj\/","title":{"rendered":"Uma boa gest\u00e3o \u00e9 fundamental para a preserva\u00e7\u00e3o dos patrim\u00f4nios culturais, diz especialista"},"content":{"rendered":"\t\t<div data-elementor-type=\"wp-post\" data-elementor-id=\"11748\" class=\"elementor elementor-11748\" data-elementor-post-type=\"post\">\n\t\t\t\t\t\t<section class=\"elementor-section elementor-top-section elementor-element elementor-element-fc05684 elementor-section-boxed elementor-section-height-default elementor-section-height-default\" data-id=\"fc05684\" data-element_type=\"section\" data-e-type=\"section\">\n\t\t\t\t\t\t<div class=\"elementor-container elementor-column-gap-default\">\n\t\t\t\t\t<div class=\"elementor-column elementor-col-100 elementor-top-column elementor-element elementor-element-5198c93\" data-id=\"5198c93\" data-element_type=\"column\" data-e-type=\"column\">\n\t\t\t<div class=\"elementor-widget-wrap elementor-element-populated\">\n\t\t\t\t\t\t<div class=\"elementor-element elementor-element-39167f2 elementor-widget elementor-widget-text-editor\" data-id=\"39167f2\" data-element_type=\"widget\" data-e-type=\"widget\" data-widget_type=\"text-editor.default\">\n\t\t\t\t<div class=\"elementor-widget-container\">\n\t\t\t\t\t\t\t\t\t<p>Em sua palestra sobre preserva\u00e7\u00e3o do patrim\u00f4nio cultural, a arquiteta urbanista e consultora na \u00e1rea de patrim\u00f4nio e gest\u00e3o urbana, Jurema Machado, destacou os atributos de um bom projeto de preserva\u00e7\u00e3o, que inclui o uso e a apropria\u00e7\u00e3o social do bem; a consist\u00eancia t\u00e9cnica, a viabilidade legal; estrat\u00e9gias de gest\u00e3o e governan\u00e7a p\u00f3s-interven\u00e7\u00e3o; avalia\u00e7\u00e3o e monitoramento, entre outras a\u00e7\u00f5es. Ela contextualizou a trajet\u00f3ria da prote\u00e7\u00e3o do patrim\u00f4nio, com \u00eanfase nos bens materiais, desde o final da d\u00e9cada de 1930 e disse que o sentido do patrim\u00f4nio est\u00e1 em \u201crefletir criticamente sobre o passado, para interferir nas possibilidades do presente e do futuro\u201d, afirmou.<br \/>Jurema Machado, que presidiu o Iphan (Instituto do Patrim\u00f4nio Hist\u00f3rico e Art\u00edstico Nacional) de 2012 a 2016, foi a convidada da reuni\u00e3o virtual do Conselho Empresarial de Assuntos Culturais da ACRJ, dia 11\/5. Ela fez a palestra Desafios da Preserva\u00e7\u00e3o, da Gest\u00e3o e do Uso do Patrim\u00f4nio Cultural Brasileiro. Especificamente falando sobre o Rio de Janeiro, a arquiteta informou que h\u00e1 atualmente 135 processos de tombamento na cidade sob a responsabilidade do Inepac (Instituto Estadual do Patrim\u00f4nio Cultural) e mais 150 no Iphan.<br \/>Ela tamb\u00e9m mencionou a restaura\u00e7\u00e3o do pr\u00e9dio do Pal\u00e1cio do Itamaraty, na regi\u00e3o central da cidade, que conta com sua participa\u00e7\u00e3o. Tombado pelo Iphan em 1938, o Itamaraty, constru\u00e7\u00e3o de 1855, \u00e9 uma das primeiras edifica\u00e7\u00f5es a receberem tal reconhecimento no pa\u00eds e foi encomendado pelo Bar\u00e3o do Rio Branco. \u201cA restaura\u00e7\u00e3o do Itamaraty envolve uma complexidade muito grande porque precis\u00e1vamos que o projeto oferecesse as condi\u00e7\u00f5es f\u00edsicas necess\u00e1rias para manter e preservar todo seu acervo. Isso \u00e9 o mais importante e o foco de todo nosso trabalho\u201d, explicou. Segundo ela, j\u00e1 s\u00e3o tr\u00eas anos de execu\u00e7\u00e3o do projeto, com previs\u00e3o em torno de mais cinco anos para sua implanta\u00e7\u00e3o.<br \/>A arquiteta ainda falou sobre o caso de Bras\u00edlia, cujo conjunto urban\u00edstico-arquitet\u00f4nico foi tombado pelo Iphan em 1990. \u201cSem ele, certamente a capital federal n\u00e3o estaria t\u00e3o preservada como se v\u00ea hoje\u201d, afirmou.<br \/>Finalizando sua apresenta\u00e7\u00e3o, Jurema listou onde ainda \u00e9 preciso avan\u00e7ar na quest\u00e3o da preserva\u00e7\u00e3o dos patrim\u00f4nios culturais. \u201cPrincipalmente, no planejamento e nos sistemas de gest\u00e3o da cultura, dos museus e do patrim\u00f4nio que integrem os tr\u00eas n\u00edveis de governo e inclua o setor privado e a sociedade. Legisla\u00e7\u00e3o n\u00f3s temos, mas o grande estrangulamento est\u00e1 nesta intera\u00e7\u00e3o dos governos federal com os entes estaduais e municipais\u201d, ressaltou.<br \/>O presidente do Conselho, Douglas Fasolato, destacou a import\u00e2ncia da gest\u00e3o do nosso patrim\u00f4nio. \u201cO patrim\u00f4nio cultural precisa de sensibiliza\u00e7\u00e3o, \u00e9 um trabalho constante. E sua palestra nos mostrou como a preserva\u00e7\u00e3o \u00e9 fundamental\u201d, finalizou.<\/p><p>A palestra na \u00edntegra est\u00e1 dispon\u00edvel no canal ACRJ Divulga.<br \/>Acesse aqui: <a href=\"https:\/\/youtu.be\/j0-kPjmSu_Q\" target=\"_blank\" rel=\"noopener\">https:\/\/youtu.be\/j0-kPjmSu_<\/a><\/p>\t\t\t\t\t\t\t\t<\/div>\n\t\t\t\t<\/div>\n\t\t\t\t<div class=\"elementor-element elementor-element-910e82a elementor-widget elementor-widget-gallery\" data-id=\"910e82a\" data-element_type=\"widget\" data-e-type=\"widget\" data-settings=\"{&quot;columns&quot;:3,&quot;overlay_title&quot;:&quot;title&quot;,&quot;lazyload&quot;:&quot;yes&quot;,&quot;gallery_layout&quot;:&quot;grid&quot;,&quot;columns_tablet&quot;:2,&quot;columns_mobile&quot;:1,&quot;gap&quot;:{&quot;unit&quot;:&quot;px&quot;,&quot;size&quot;:10,&quot;sizes&quot;:[]},&quot;gap_tablet&quot;:{&quot;unit&quot;:&quot;px&quot;,&quot;size&quot;:10,&quot;sizes&quot;:[]},&quot;gap_mobile&quot;:{&quot;unit&quot;:&quot;px&quot;,&quot;size&quot;:10,&quot;sizes&quot;:[]},&quot;link_to&quot;:&quot;file&quot;,&quot;aspect_ratio&quot;:&quot;3:2&quot;,&quot;overlay_background&quot;:&quot;yes&quot;,&quot;content_hover_animation&quot;:&quot;fade-in&quot;}\" data-widget_type=\"gallery.default\">\n\t\t\t\t<div class=\"elementor-widget-container\">\n\t\t\t\t\t\t\t<div class=\"elementor-gallery__container\">\n\t\t\t\t\t\t\t<a class=\"e-gallery-item elementor-gallery-item elementor-animated-content\" href=\"https:\/\/acrj.org.br\/wp-content\/uploads\/2022\/05\/WhatsApp-Image-2022-05-12-at-10.41.26.jpeg\" data-elementor-open-lightbox=\"yes\" data-elementor-lightbox-slideshow=\"910e82a\" data-elementor-lightbox-title=\"Palestra sobre preserva\u00e7\u00e3o do patrim\u00f4nio cultural\" data-e-action-hash=\"#elementor-action%3Aaction%3Dlightbox%26settings%3DeyJpZCI6MTE3NzIsInVybCI6Imh0dHBzOlwvXC9hY3JqLm9yZy5iclwvd3AtY29udGVudFwvdXBsb2Fkc1wvMjAyMlwvMDVcL1doYXRzQXBwLUltYWdlLTIwMjItMDUtMTItYXQtMTAuNDEuMjYuanBlZyIsInNsaWRlc2hvdyI6IjkxMGU4MmEifQ%3D%3D\">\n\t\t\t\t\t<div class=\"e-gallery-image elementor-gallery-item__image\" data-thumbnail=\"https:\/\/acrj.org.br\/wp-content\/uploads\/2022\/05\/WhatsApp-Image-2022-05-12-at-10.41.26-261x300.jpeg\" data-width=\"261\" data-height=\"300\" aria-label=\"\" role=\"img\" ><\/div>\n\t\t\t\t\t\t\t\t\t\t\t<div class=\"elementor-gallery-item__overlay\"><\/div>\n\t\t\t\t\t\t\t\t\t\t\t\t\t\t\t<div class=\"elementor-gallery-item__content\">\n\t\t\t\t\t\t\t\t\t\t\t\t\t\t<div class=\"elementor-gallery-item__title\">\n\t\t\t\t\t\t\t\t\t\t\t\t\t\t\t\t\t\tPalestra sobre preserva\u00e7\u00e3o do patrim\u00f4nio cultural\t\t\t\t\t\t\t\t<\/div>\n\t\t\t\t\t\t\t\t\t\t\t\t<\/div>\n\t\t\t\t\t\t\t\t\t<\/a>\n\t\t\t\t\t<\/div>\n\t\t\t\t\t<\/div>\n\t\t\t\t<\/div>\n\t\t\t\t\t<\/div>\n\t\t<\/div>\n\t\t\t\t\t<\/div>\n\t\t<\/section>\n\t\t\t\t<\/div>\n\t\t","protected":false},"excerpt":{"rendered":"<p>Em sua palestra sobre preserva\u00e7\u00e3o do patrim\u00f4nio cultural, a arquiteta urbanista e consultora na \u00e1rea de patrim\u00f4nio e gest\u00e3o urbana, Jurema Machado, destacou os atributos&hellip;<\/p>\n","protected":false},"author":1,"featured_media":11753,"comment_status":"closed","ping_status":"open","sticky":false,"template":"","format":"standard","meta":{"_exactmetrics_skip_tracking":false,"_exactmetrics_sitenote_active":false,"_exactmetrics_sitenote_note":"","_exactmetrics_sitenote_category":0,"footnotes":""},"categories":[10],"tags":[],"class_list":["post-11748","post","type-post","status-publish","format-standard","has-post-thumbnail","hentry","category-noticias"],"_links":{"self":[{"href":"https:\/\/acrj.org.br\/index.php\/wp-json\/wp\/v2\/posts\/11748","targetHints":{"allow":["GET"]}}],"collection":[{"href":"https:\/\/acrj.org.br\/index.php\/wp-json\/wp\/v2\/posts"}],"about":[{"href":"https:\/\/acrj.org.br\/index.php\/wp-json\/wp\/v2\/types\/post"}],"author":[{"embeddable":true,"href":"https:\/\/acrj.org.br\/index.php\/wp-json\/wp\/v2\/users\/1"}],"replies":[{"embeddable":true,"href":"https:\/\/acrj.org.br\/index.php\/wp-json\/wp\/v2\/comments?post=11748"}],"version-history":[{"count":0,"href":"https:\/\/acrj.org.br\/index.php\/wp-json\/wp\/v2\/posts\/11748\/revisions"}],"wp:featuredmedia":[{"embeddable":true,"href":"https:\/\/acrj.org.br\/index.php\/wp-json\/wp\/v2\/media\/11753"}],"wp:attachment":[{"href":"https:\/\/acrj.org.br\/index.php\/wp-json\/wp\/v2\/media?parent=11748"}],"wp:term":[{"taxonomy":"category","embeddable":true,"href":"https:\/\/acrj.org.br\/index.php\/wp-json\/wp\/v2\/categories?post=11748"},{"taxonomy":"post_tag","embeddable":true,"href":"https:\/\/acrj.org.br\/index.php\/wp-json\/wp\/v2\/tags?post=11748"}],"curies":[{"name":"wp","href":"https:\/\/api.w.org\/{rel}","templated":true}]}}