{"id":11634,"date":"2022-05-06T13:45:57","date_gmt":"2022-05-06T16:45:57","guid":{"rendered":"https:\/\/acrj.org.br\/?p=11634"},"modified":"2022-10-24T14:45:39","modified_gmt":"2022-10-24T17:45:39","slug":"secretario-de-turismo-do-estado-anuncia-ligacao-para-transporte-aquaviario-entre-os-aeroportos-galeao-e-santos-dumont-em-seminario-na-acrj","status":"publish","type":"post","link":"https:\/\/acrj.org.br\/index.php\/2022\/05\/06\/secretario-de-turismo-do-estado-anuncia-ligacao-para-transporte-aquaviario-entre-os-aeroportos-galeao-e-santos-dumont-em-seminario-na-acrj\/","title":{"rendered":"Secret\u00e1rio de Turismo anuncia liga\u00e7\u00e3o de transporte aquavi\u00e1rio entre Gale\u00e3o e Santos Dumont na ACRJ"},"content":{"rendered":"\t\t<div data-elementor-type=\"wp-post\" data-elementor-id=\"11634\" class=\"elementor elementor-11634\" data-elementor-post-type=\"post\">\n\t\t\t\t\t\t<section class=\"elementor-section elementor-top-section elementor-element elementor-element-7f3d8997 elementor-section-boxed elementor-section-height-default elementor-section-height-default\" data-id=\"7f3d8997\" data-element_type=\"section\" data-e-type=\"section\">\n\t\t\t\t\t\t<div class=\"elementor-container elementor-column-gap-default\">\n\t\t\t\t\t<div class=\"elementor-column elementor-col-100 elementor-top-column elementor-element elementor-element-4e16af76\" data-id=\"4e16af76\" data-element_type=\"column\" data-e-type=\"column\">\n\t\t\t<div class=\"elementor-widget-wrap elementor-element-populated\">\n\t\t\t\t\t\t<div class=\"elementor-element elementor-element-6818688e elementor-widget elementor-widget-text-editor\" data-id=\"6818688e\" data-element_type=\"widget\" data-e-type=\"widget\" data-widget_type=\"text-editor.default\">\n\t\t\t\t<div class=\"elementor-widget-container\">\n\t\t\t\t\t\t\t\t\t\n<p>O an\u00fancio foi durante semin\u00e1rio \u201cTurismo e Entretenimento\u201d, realizado pelos Conselhos Empresariais de Jovens e Turismo da ACRJ, dia 5 de maio. \u201cA liga\u00e7\u00e3o aquavi\u00e1ria, que j\u00e1 existe, inclusive com piers, ser\u00e1 feita entre os dois aeroportos. A proposta \u00e9 Cocot\u00e1, esta\u00e7\u00e3o das barcas na Ilha do Governador, virar Gale\u00e3o e Pra\u00e7a XV virar Santos Dumont. Estamos no estudo preliminar para a partir da\u00ed transformar em projeto, ver a parte legal e depois a concess\u00e3o dessa linha. Acho que at\u00e9 o fim do ano temos esse ciclo montado\u201d, ressaltou o secret\u00e1rio de Turismo do Estado do Rio, S\u00e1vio Neves, destacando que essa iniciativa dar\u00e1 mais conforto aos passageiros no deslocamento de 20 minutos entre os dois destinos.<br>O secret\u00e1rio Municipal de Turismo do Rio, Ant\u00f4nio Mariano, tamb\u00e9m participou do evento e reafirmou o trabalho conjunto com o Estado para a elabora\u00e7\u00e3o de um plano estrat\u00e9gico, que cria uma pol\u00edtica envolvendo o setor tur\u00edstico do Rio de Janeiro. \u201cA cidade \u00e9 a melhor do mundo, tem o maior espet\u00e1culo da terra e a maior floresta urbana do planeta, entre tantos outros atrativos. A cria\u00e7\u00e3o dessa pol\u00edtica vai favorecer ainda mais o segmento tur\u00edstico\u201d, destacou.<br>No painel Carnaval: 365 dias, o subsecret\u00e1rio de Desenvolvimento Econ\u00f4mico e Inova\u00e7\u00e3o do Munic\u00edpio, Marcel Balassiano, enfatizou que a festa movimenta cerca de R$ 4 bilh\u00f5es na economia carioca, representando um ter\u00e7o do que \u00e9 gerado com o evento em todo o Brasil. \u201cCarnaval \u00e9 desenvolvimento econ\u00f4mico\u201d, frisou.<br>C\u00e9lia Domingues, presidente da Associa\u00e7\u00e3o de Mulheres Empreendedoras do Brasil (Amebr\u00e1s), explicou como funciona a ind\u00fastria do Carnaval, desde quando acabam os desfiles das escolas de samba, passando pelas atividades ao longo do ano, at\u00e9 a realiza\u00e7\u00e3o da nova festa na Sapuca\u00ed. \u201cO Carnaval \u00e9 um evento de inclus\u00e3o e reinclus\u00e3o sociocultural e econ\u00f4mico de pessoas que est\u00e3o fora do mercado de trabalho por motivos diferentes. Movimenta renda tamb\u00e9m nas comunidades\u201d, salientou.<br>Ana Lucia Selvatici, diretora de Neg\u00f3cios da Companhia Caminho A\u00e9reo P\u00e3o de A\u00e7ucar, revelou que o Carnaval fora de \u00e9poca foi excelente. \u201cVoltamos ao patamar de antes da pandemia e quase dobrou o n\u00famero de eventos noturnos\u201d, enfatizou.<br>O presidente do Sindicato de Bares e Restaurantes (SINDRIO) informou que, apesar do setor ter sido o de maior recupera\u00e7\u00e3o p\u00f3s crise sanit\u00e1ria, foi o que mais fechou vagas, 30 mil, no per\u00edodo. Fernando Blower disse que o segmento \u00e9 o maior empregador de jovens de 18 a 24 anos de idade. \u201cAt\u00e9 agora n\u00e3o recuperamos nem a metade. 40% j\u00e1 est\u00e3o faturando mais do que antes da pandemia ao conseguirem se reinventar. 24% se mantiveram iguais. Mas 36% est\u00e3o com maior dificuldade, incluindo os estabelecimentos mais tradicionais. O peso das d\u00edvidas \u00e9 grande. E ainda existe a infla\u00e7\u00e3o\u201d, avaliou Blower.<br>Pedro Guimar\u00e3es, diretor-presidente da Apresenta Rio, comentou a decis\u00e3o do Congresso de garantir que os empres\u00e1rios dos setores de eventos e turismo, afetados pela Covid, estejam isentos do pagamento de impostos, como PIS e Cofins por mais cinco anos. \u201cEntretenimento \u00e9 pauta econ\u00f4mica e o turismo tamb\u00e9m est\u00e1 nessa pauta\u201d, afirmou.<br>O s\u00f3cio fundador e CEO do REP Festival foi um dos destaques do semin\u00e1rio ao apresentar o retorno que trouxe para a cidade do Rio. Foram 80 mil pessoas em dois dias de festival, que gerou quase cinco mil empregos, entre outros dados. \u201cTrabalhamos com uma gera\u00e7\u00e3o nova e o Rep \u00e9 hoje o g\u00eanero musical mais consumido pelo jovem no Brasil. O Rep Festival foi um dos catalizadores do turismo no Rio de Janeiro e \u00e9 uma grande porta de entrada de turistas. A iniciativa p\u00fablica tem que olhar para esses grandes festivais\u201d, defendeu Fabr\u00edcio Stoffel, anunciando que haver\u00e1 edi\u00e7\u00e3o do Rep em fevereiro de 2023.<br>J\u00falia Helena, presidente executiva da RioJunior, informou que congrega mais de 70 empresas juniores e que o setor tur\u00edstico \u00e9 muito importante. \u201cO turismo no Rio de Janeiro tem v\u00e1rios segmentos e representa 14% do PIB brasileiro. N\u00e3o \u00e9 \u00e0 toa que \u00e9 Cidade Maravilhosa\u201d, afirmou ao se apresentar na abertura do evento da ACRJ.<br>O presidente do Conselho Empresarial de Jovens da Associa\u00e7\u00e3o Comercial defendeu a desburocratiza\u00e7\u00e3o da vinda de grandes eventos para o Rio de Janeiro. \u201cA cidade pode ter espet\u00e1culos, shows etc, de janeiro a dezembro, alavancando ainda mais o turismo no Rio, com a gest\u00e3o p\u00fablica desburocratizando os processos para a realiza\u00e7\u00e3o do entretenimento\u201d, refor\u00e7ou Pedro Rafael.<br>Jos\u00e9 Domingo Bouzon, membro do Conselho de Turismo da ACRJ, declarou que \u00e9 preciso novos eventos, que geram muitos empregos. \u201cA cidade \u00e9 um produto e precisa ser vendida todo dia, como forma de movimentar a economia. O setor hoteleiro, por exemplo, tem conseguido se reinventar, inclusive, abrindo suas coberturas para atividades de lazer, o que atrai mais h\u00f3spedes\u201d, finalizou em uma alus\u00e3o aos chamados rooftop, conceito de entretenimento que ganhou mais for\u00e7a nesse p\u00f3s pandemia.<\/p>\n\n\n\n<p><\/p>\n\t\t\t\t\t\t\t\t<\/div>\n\t\t\t\t<\/div>\n\t\t\t\t<div class=\"elementor-element elementor-element-ca99d18 elementor-widget elementor-widget-gallery\" data-id=\"ca99d18\" data-element_type=\"widget\" data-e-type=\"widget\" data-settings=\"{&quot;overlay_title&quot;:&quot;title&quot;,&quot;lazyload&quot;:&quot;yes&quot;,&quot;gallery_layout&quot;:&quot;grid&quot;,&quot;columns&quot;:4,&quot;columns_tablet&quot;:2,&quot;columns_mobile&quot;:1,&quot;gap&quot;:{&quot;unit&quot;:&quot;px&quot;,&quot;size&quot;:10,&quot;sizes&quot;:[]},&quot;gap_tablet&quot;:{&quot;unit&quot;:&quot;px&quot;,&quot;size&quot;:10,&quot;sizes&quot;:[]},&quot;gap_mobile&quot;:{&quot;unit&quot;:&quot;px&quot;,&quot;size&quot;:10,&quot;sizes&quot;:[]},&quot;link_to&quot;:&quot;file&quot;,&quot;aspect_ratio&quot;:&quot;3:2&quot;,&quot;overlay_background&quot;:&quot;yes&quot;,&quot;content_hover_animation&quot;:&quot;fade-in&quot;}\" data-widget_type=\"gallery.default\">\n\t\t\t\t<div class=\"elementor-widget-container\">\n\t\t\t\t\t\t\t<div class=\"elementor-gallery__container\">\n\t\t\t\t\t\t\t<a class=\"e-gallery-item elementor-gallery-item elementor-animated-content\" href=\"https:\/\/acrj.org.br\/wp-content\/uploads\/2022\/05\/WhatsApp-Image-2022-05-06-at-13.58.31-2.jpeg\" data-elementor-open-lightbox=\"yes\" data-elementor-lightbox-slideshow=\"ca99d18\" data-elementor-lightbox-title=\"Abertura\" data-e-action-hash=\"#elementor-action%3Aaction%3Dlightbox%26settings%3DeyJpZCI6MTE2NDgsInVybCI6Imh0dHBzOlwvXC9hY3JqLm9yZy5iclwvd3AtY29udGVudFwvdXBsb2Fkc1wvMjAyMlwvMDVcL1doYXRzQXBwLUltYWdlLTIwMjItMDUtMDYtYXQtMTMuNTguMzEtMi5qcGVnIiwic2xpZGVzaG93IjoiY2E5OWQxOCJ9\">\n\t\t\t\t\t<div class=\"e-gallery-image elementor-gallery-item__image\" data-thumbnail=\"https:\/\/acrj.org.br\/wp-content\/uploads\/2022\/05\/WhatsApp-Image-2022-05-06-at-13.58.31-2-300x225.jpeg\" data-width=\"300\" data-height=\"225\" aria-label=\"\" role=\"img\" ><\/div>\n\t\t\t\t\t\t\t\t\t\t\t<div class=\"elementor-gallery-item__overlay\"><\/div>\n\t\t\t\t\t\t\t\t\t\t\t\t\t\t\t<div class=\"elementor-gallery-item__content\">\n\t\t\t\t\t\t\t\t\t\t\t\t\t\t<div class=\"elementor-gallery-item__title\">\n\t\t\t\t\t\t\t\t\t\t\t\t\t\t\t\t\t\tAbertura\t\t\t\t\t\t\t\t<\/div>\n\t\t\t\t\t\t\t\t\t\t\t\t<\/div>\n\t\t\t\t\t\t\t\t\t<\/a>\n\t\t\t\t\t\t\t<a class=\"e-gallery-item elementor-gallery-item elementor-animated-content\" href=\"https:\/\/acrj.org.br\/wp-content\/uploads\/2022\/05\/WhatsApp-Image-2022-05-06-at-13.58.31-3.jpeg\" data-elementor-open-lightbox=\"yes\" data-elementor-lightbox-slideshow=\"ca99d18\" data-elementor-lightbox-title=\"Abertura\" data-e-action-hash=\"#elementor-action%3Aaction%3Dlightbox%26settings%3DeyJpZCI6MTE2NDcsInVybCI6Imh0dHBzOlwvXC9hY3JqLm9yZy5iclwvd3AtY29udGVudFwvdXBsb2Fkc1wvMjAyMlwvMDVcL1doYXRzQXBwLUltYWdlLTIwMjItMDUtMDYtYXQtMTMuNTguMzEtMy5qcGVnIiwic2xpZGVzaG93IjoiY2E5OWQxOCJ9\">\n\t\t\t\t\t<div class=\"e-gallery-image elementor-gallery-item__image\" data-thumbnail=\"https:\/\/acrj.org.br\/wp-content\/uploads\/2022\/05\/WhatsApp-Image-2022-05-06-at-13.58.31-3-300x225.jpeg\" data-width=\"300\" data-height=\"225\" aria-label=\"\" role=\"img\" ><\/div>\n\t\t\t\t\t\t\t\t\t\t\t<div class=\"elementor-gallery-item__overlay\"><\/div>\n\t\t\t\t\t\t\t\t\t\t\t\t\t\t\t<div class=\"elementor-gallery-item__content\">\n\t\t\t\t\t\t\t\t\t\t\t\t\t\t<div class=\"elementor-gallery-item__title\">\n\t\t\t\t\t\t\t\t\t\t\t\t\t\t\t\t\t\tAbertura\t\t\t\t\t\t\t\t<\/div>\n\t\t\t\t\t\t\t\t\t\t\t\t<\/div>\n\t\t\t\t\t\t\t\t\t<\/a>\n\t\t\t\t\t\t\t<a class=\"e-gallery-item elementor-gallery-item elementor-animated-content\" href=\"https:\/\/acrj.org.br\/wp-content\/uploads\/2022\/05\/WhatsApp-Image-2022-05-06-at-14.11.09.jpeg\" data-elementor-open-lightbox=\"yes\" data-elementor-lightbox-slideshow=\"ca99d18\" data-elementor-lightbox-title=\"Turismo no Rio\" data-e-action-hash=\"#elementor-action%3Aaction%3Dlightbox%26settings%3DeyJpZCI6MTE2NDYsInVybCI6Imh0dHBzOlwvXC9hY3JqLm9yZy5iclwvd3AtY29udGVudFwvdXBsb2Fkc1wvMjAyMlwvMDVcL1doYXRzQXBwLUltYWdlLTIwMjItMDUtMDYtYXQtMTQuMTEuMDkuanBlZyIsInNsaWRlc2hvdyI6ImNhOTlkMTgifQ%3D%3D\">\n\t\t\t\t\t<div class=\"e-gallery-image elementor-gallery-item__image\" data-thumbnail=\"https:\/\/acrj.org.br\/wp-content\/uploads\/2022\/05\/WhatsApp-Image-2022-05-06-at-14.11.09-300x225.jpeg\" data-width=\"300\" data-height=\"225\" aria-label=\"\" role=\"img\" ><\/div>\n\t\t\t\t\t\t\t\t\t\t\t<div class=\"elementor-gallery-item__overlay\"><\/div>\n\t\t\t\t\t\t\t\t\t\t\t\t\t\t\t<div class=\"elementor-gallery-item__content\">\n\t\t\t\t\t\t\t\t\t\t\t\t\t\t<div class=\"elementor-gallery-item__title\">\n\t\t\t\t\t\t\t\t\t\t\t\t\t\t\t\t\t\tTurismo no Rio\t\t\t\t\t\t\t\t<\/div>\n\t\t\t\t\t\t\t\t\t\t\t\t<\/div>\n\t\t\t\t\t\t\t\t\t<\/a>\n\t\t\t\t\t\t\t<a class=\"e-gallery-item elementor-gallery-item elementor-animated-content\" href=\"https:\/\/acrj.org.br\/wp-content\/uploads\/2022\/05\/WhatsApp-Image-2022-05-06-at-13.58.30-3.jpeg\" data-elementor-open-lightbox=\"yes\" data-elementor-lightbox-slideshow=\"ca99d18\" data-elementor-lightbox-title=\"Voca\u00e7\u00e3o do Rio para o entretenimento\" data-e-action-hash=\"#elementor-action%3Aaction%3Dlightbox%26settings%3DeyJpZCI6MTE2NTEsInVybCI6Imh0dHBzOlwvXC9hY3JqLm9yZy5iclwvd3AtY29udGVudFwvdXBsb2Fkc1wvMjAyMlwvMDVcL1doYXRzQXBwLUltYWdlLTIwMjItMDUtMDYtYXQtMTMuNTguMzAtMy5qcGVnIiwic2xpZGVzaG93IjoiY2E5OWQxOCJ9\">\n\t\t\t\t\t<div class=\"e-gallery-image elementor-gallery-item__image\" data-thumbnail=\"https:\/\/acrj.org.br\/wp-content\/uploads\/2022\/05\/WhatsApp-Image-2022-05-06-at-13.58.30-3-300x225.jpeg\" data-width=\"300\" data-height=\"225\" aria-label=\"\" role=\"img\" ><\/div>\n\t\t\t\t\t\t\t\t\t\t\t<div class=\"elementor-gallery-item__overlay\"><\/div>\n\t\t\t\t\t\t\t\t\t\t\t\t\t\t\t<div class=\"elementor-gallery-item__content\">\n\t\t\t\t\t\t\t\t\t\t\t\t\t\t<div class=\"elementor-gallery-item__title\">\n\t\t\t\t\t\t\t\t\t\t\t\t\t\t\t\t\t\tVoca\u00e7\u00e3o do Rio para o entretenimento\t\t\t\t\t\t\t\t<\/div>\n\t\t\t\t\t\t\t\t\t\t\t\t<\/div>\n\t\t\t\t\t\t\t\t\t<\/a>\n\t\t\t\t\t\t\t<a class=\"e-gallery-item elementor-gallery-item elementor-animated-content\" href=\"https:\/\/acrj.org.br\/wp-content\/uploads\/2022\/05\/WhatsApp-Image-2022-05-06-at-13.58.31-1.jpeg\" data-elementor-open-lightbox=\"yes\" data-elementor-lightbox-slideshow=\"ca99d18\" data-elementor-lightbox-title=\"Voca\u00e7\u00e3o do Rio para o entretenimento\" data-e-action-hash=\"#elementor-action%3Aaction%3Dlightbox%26settings%3DeyJpZCI6MTE2NDksInVybCI6Imh0dHBzOlwvXC9hY3JqLm9yZy5iclwvd3AtY29udGVudFwvdXBsb2Fkc1wvMjAyMlwvMDVcL1doYXRzQXBwLUltYWdlLTIwMjItMDUtMDYtYXQtMTMuNTguMzEtMS5qcGVnIiwic2xpZGVzaG93IjoiY2E5OWQxOCJ9\">\n\t\t\t\t\t<div class=\"e-gallery-image elementor-gallery-item__image\" data-thumbnail=\"https:\/\/acrj.org.br\/wp-content\/uploads\/2022\/05\/WhatsApp-Image-2022-05-06-at-13.58.31-1-300x225.jpeg\" data-width=\"300\" data-height=\"225\" aria-label=\"\" role=\"img\" ><\/div>\n\t\t\t\t\t\t\t\t\t\t\t<div class=\"elementor-gallery-item__overlay\"><\/div>\n\t\t\t\t\t\t\t\t\t\t\t\t\t\t\t<div class=\"elementor-gallery-item__content\">\n\t\t\t\t\t\t\t\t\t\t\t\t\t\t<div class=\"elementor-gallery-item__title\">\n\t\t\t\t\t\t\t\t\t\t\t\t\t\t\t\t\t\tVoca\u00e7\u00e3o do Rio para o entretenimento\t\t\t\t\t\t\t\t<\/div>\n\t\t\t\t\t\t\t\t\t\t\t\t<\/div>\n\t\t\t\t\t\t\t\t\t<\/a>\n\t\t\t\t\t\t\t<a class=\"e-gallery-item elementor-gallery-item elementor-animated-content\" href=\"https:\/\/acrj.org.br\/wp-content\/uploads\/2022\/05\/WhatsApp-Image-2022-05-06-at-14.12.08.jpeg\" data-elementor-open-lightbox=\"yes\" data-elementor-lightbox-slideshow=\"ca99d18\" data-elementor-lightbox-title=\"Carnaval:365 dias\" data-e-action-hash=\"#elementor-action%3Aaction%3Dlightbox%26settings%3DeyJpZCI6MTE2NDUsInVybCI6Imh0dHBzOlwvXC9hY3JqLm9yZy5iclwvd3AtY29udGVudFwvdXBsb2Fkc1wvMjAyMlwvMDVcL1doYXRzQXBwLUltYWdlLTIwMjItMDUtMDYtYXQtMTQuMTIuMDguanBlZyIsInNsaWRlc2hvdyI6ImNhOTlkMTgifQ%3D%3D\">\n\t\t\t\t\t<div class=\"e-gallery-image elementor-gallery-item__image\" data-thumbnail=\"https:\/\/acrj.org.br\/wp-content\/uploads\/2022\/05\/WhatsApp-Image-2022-05-06-at-14.12.08-300x225.jpeg\" data-width=\"300\" data-height=\"225\" aria-label=\"\" role=\"img\" ><\/div>\n\t\t\t\t\t\t\t\t\t\t\t<div class=\"elementor-gallery-item__overlay\"><\/div>\n\t\t\t\t\t\t\t\t\t\t\t\t\t\t\t<div class=\"elementor-gallery-item__content\">\n\t\t\t\t\t\t\t\t\t\t\t\t\t\t<div class=\"elementor-gallery-item__title\">\n\t\t\t\t\t\t\t\t\t\t\t\t\t\t\t\t\t\tCarnaval:365 dias\t\t\t\t\t\t\t\t<\/div>\n\t\t\t\t\t\t\t\t\t\t\t\t<\/div>\n\t\t\t\t\t\t\t\t\t<\/a>\n\t\t\t\t\t\t\t<a class=\"e-gallery-item elementor-gallery-item elementor-animated-content\" href=\"https:\/\/acrj.org.br\/wp-content\/uploads\/2022\/05\/WhatsApp-Image-2022-05-06-at-14.12.31.jpeg\" data-elementor-open-lightbox=\"yes\" data-elementor-lightbox-slideshow=\"ca99d18\" data-elementor-lightbox-title=\"Carnaval:365 dias\" data-e-action-hash=\"#elementor-action%3Aaction%3Dlightbox%26settings%3DeyJpZCI6MTE2NDQsInVybCI6Imh0dHBzOlwvXC9hY3JqLm9yZy5iclwvd3AtY29udGVudFwvdXBsb2Fkc1wvMjAyMlwvMDVcL1doYXRzQXBwLUltYWdlLTIwMjItMDUtMDYtYXQtMTQuMTIuMzEuanBlZyIsInNsaWRlc2hvdyI6ImNhOTlkMTgifQ%3D%3D\">\n\t\t\t\t\t<div class=\"e-gallery-image elementor-gallery-item__image\" data-thumbnail=\"https:\/\/acrj.org.br\/wp-content\/uploads\/2022\/05\/WhatsApp-Image-2022-05-06-at-14.12.31-300x225.jpeg\" data-width=\"300\" data-height=\"225\" aria-label=\"\" role=\"img\" ><\/div>\n\t\t\t\t\t\t\t\t\t\t\t<div class=\"elementor-gallery-item__overlay\"><\/div>\n\t\t\t\t\t\t\t\t\t\t\t\t\t\t\t<div class=\"elementor-gallery-item__content\">\n\t\t\t\t\t\t\t\t\t\t\t\t\t\t<div class=\"elementor-gallery-item__title\">\n\t\t\t\t\t\t\t\t\t\t\t\t\t\t\t\t\t\tCarnaval:365 dias\t\t\t\t\t\t\t\t<\/div>\n\t\t\t\t\t\t\t\t\t\t\t\t<\/div>\n\t\t\t\t\t\t\t\t\t<\/a>\n\t\t\t\t\t\t\t<a class=\"e-gallery-item elementor-gallery-item elementor-animated-content\" href=\"https:\/\/acrj.org.br\/wp-content\/uploads\/2022\/05\/WhatsApp-Image-2022-05-06-at-13.51.33-1.jpeg\" data-elementor-open-lightbox=\"yes\" data-elementor-lightbox-slideshow=\"ca99d18\" data-elementor-lightbox-title=\"Semin\u00e1rio Turismo e Entretenimento\" data-e-action-hash=\"#elementor-action%3Aaction%3Dlightbox%26settings%3DeyJpZCI6MTE2NTIsInVybCI6Imh0dHBzOlwvXC9hY3JqLm9yZy5iclwvd3AtY29udGVudFwvdXBsb2Fkc1wvMjAyMlwvMDVcL1doYXRzQXBwLUltYWdlLTIwMjItMDUtMDYtYXQtMTMuNTEuMzMtMS5qcGVnIiwic2xpZGVzaG93IjoiY2E5OWQxOCJ9\">\n\t\t\t\t\t<div class=\"e-gallery-image elementor-gallery-item__image\" data-thumbnail=\"https:\/\/acrj.org.br\/wp-content\/uploads\/2022\/05\/WhatsApp-Image-2022-05-06-at-13.51.33-1-225x300.jpeg\" data-width=\"225\" data-height=\"300\" aria-label=\"\" role=\"img\" ><\/div>\n\t\t\t\t\t\t\t\t\t\t\t<div class=\"elementor-gallery-item__overlay\"><\/div>\n\t\t\t\t\t\t\t\t\t\t\t\t\t\t\t<div class=\"elementor-gallery-item__content\">\n\t\t\t\t\t\t\t\t\t\t\t\t\t\t<div class=\"elementor-gallery-item__title\">\n\t\t\t\t\t\t\t\t\t\t\t\t\t\t\t\t\t\tSemin\u00e1rio Turismo e Entretenimento\t\t\t\t\t\t\t\t<\/div>\n\t\t\t\t\t\t\t\t\t\t\t\t<\/div>\n\t\t\t\t\t\t\t\t\t<\/a>\n\t\t\t\t\t<\/div>\n\t\t\t\t\t<\/div>\n\t\t\t\t<\/div>\n\t\t\t\t\t<\/div>\n\t\t<\/div>\n\t\t\t\t\t<\/div>\n\t\t<\/section>\n\t\t\t\t<\/div>\n\t\t","protected":false},"excerpt":{"rendered":"<p>O an\u00fancio foi durante semin\u00e1rio \u201cTurismo e Entretenimento\u201d, realizado pelos Conselhos Empresariais de Jovens e Turismo da ACRJ, dia 5 de maio. \u201cA liga\u00e7\u00e3o aquavi\u00e1ria,&hellip;<\/p>\n","protected":false},"author":1,"featured_media":11650,"comment_status":"closed","ping_status":"closed","sticky":false,"template":"","format":"standard","meta":{"_exactmetrics_skip_tracking":false,"_exactmetrics_sitenote_active":false,"_exactmetrics_sitenote_note":"","_exactmetrics_sitenote_category":0,"footnotes":""},"categories":[6],"tags":[],"class_list":["post-11634","post","type-post","status-publish","format-standard","has-post-thumbnail","hentry","category-destaque_noticias"],"_links":{"self":[{"href":"https:\/\/acrj.org.br\/index.php\/wp-json\/wp\/v2\/posts\/11634","targetHints":{"allow":["GET"]}}],"collection":[{"href":"https:\/\/acrj.org.br\/index.php\/wp-json\/wp\/v2\/posts"}],"about":[{"href":"https:\/\/acrj.org.br\/index.php\/wp-json\/wp\/v2\/types\/post"}],"author":[{"embeddable":true,"href":"https:\/\/acrj.org.br\/index.php\/wp-json\/wp\/v2\/users\/1"}],"replies":[{"embeddable":true,"href":"https:\/\/acrj.org.br\/index.php\/wp-json\/wp\/v2\/comments?post=11634"}],"version-history":[{"count":0,"href":"https:\/\/acrj.org.br\/index.php\/wp-json\/wp\/v2\/posts\/11634\/revisions"}],"wp:featuredmedia":[{"embeddable":true,"href":"https:\/\/acrj.org.br\/index.php\/wp-json\/wp\/v2\/media\/11650"}],"wp:attachment":[{"href":"https:\/\/acrj.org.br\/index.php\/wp-json\/wp\/v2\/media?parent=11634"}],"wp:term":[{"taxonomy":"category","embeddable":true,"href":"https:\/\/acrj.org.br\/index.php\/wp-json\/wp\/v2\/categories?post=11634"},{"taxonomy":"post_tag","embeddable":true,"href":"https:\/\/acrj.org.br\/index.php\/wp-json\/wp\/v2\/tags?post=11634"}],"curies":[{"name":"wp","href":"https:\/\/api.w.org\/{rel}","templated":true}]}}