{"id":11274,"date":"2022-05-06T12:17:00","date_gmt":"2022-05-06T15:17:00","guid":{"rendered":"https:\/\/acrj.org.br\/?p=11274"},"modified":"2023-05-03T12:19:09","modified_gmt":"2023-05-03T15:19:09","slug":"jose-isaac-peres-e-eleito-empresario-do-ano-pela-acrj","status":"publish","type":"post","link":"https:\/\/acrj.org.br\/index.php\/2022\/05\/06\/jose-isaac-peres-e-eleito-empresario-do-ano-pela-acrj\/","title":{"rendered":"Jos\u00e9 Isaac Peres \u00e9 eleito Empres\u00e1rio do Ano pela ACRJ\u00a0"},"content":{"rendered":"\t\t<div data-elementor-type=\"wp-post\" data-elementor-id=\"11274\" class=\"elementor elementor-11274\" data-elementor-post-type=\"post\">\n\t\t\t\t\t\t<section class=\"elementor-section elementor-top-section elementor-element elementor-element-1590287c elementor-section-boxed elementor-section-height-default elementor-section-height-default\" data-id=\"1590287c\" data-element_type=\"section\" data-e-type=\"section\">\n\t\t\t\t\t\t<div class=\"elementor-container elementor-column-gap-default\">\n\t\t\t\t\t<div class=\"elementor-column elementor-col-100 elementor-top-column elementor-element elementor-element-5dd3ff93\" data-id=\"5dd3ff93\" data-element_type=\"column\" data-e-type=\"column\">\n\t\t\t<div class=\"elementor-widget-wrap elementor-element-populated\">\n\t\t\t\t\t\t<div class=\"elementor-element elementor-element-4e6b842a elementor-widget elementor-widget-text-editor\" data-id=\"4e6b842a\" data-element_type=\"widget\" data-e-type=\"widget\" data-widget_type=\"text-editor.default\">\n\t\t\t\t<div class=\"elementor-widget-container\">\n\t\t\t\t\t\t\t\t\t<p><\/p>\n<p><em>Fundador e presidente da Multiplan, o empres\u00e1rio recebeu duas medalhas da ACRJ no dia 12 de abril, durante evento no Hotel Fairmont, em Copacabana\u00a0<\/em><\/p>\n<p><\/p>\n<p>A Associa\u00e7\u00e3o Comercial do Rio de Janeiro (ACRJ) realizou no dia 12 de abril a entrega das medalhas de Empres\u00e1rio do Ano ACRJ 2022 e do Bicenten\u00e1rio Visconde de Mau\u00e1 ao empres\u00e1rio Jos\u00e9 Isaac Peres, fundador e presidente da Multiplan. A entrega aconteceu durante almo\u00e7o no Hotel Fairmont, em Copacabana, que reuniu amigos, empres\u00e1rios, pol\u00edticos e celebridades do Rio. Tamb\u00e9m prestigiaram o evento o vice da ACRJ, Helio Ferraz, o presidente do Conselho Superior da Associa\u00e7\u00e3o Comercial, Marco Polo Moreira Leite, e o vice, Ruy Barreto Filho, e os ex-presidentes da Casa de Mau\u00e1, Humberto Mota, Antenor de Barros Leal e Paulo Prot\u00e1sio. As medalhas foram entregues pelo prefeito do Rio, Eduardo Paes, e pelo governador Claudio Castro.\u00a0<\/p>\n<p><\/p>\n<p>\u201c\u00c9 com muita alegria que escolhemos o nome de Jos\u00e9 Isaac Peres para receber esta honraria da Casa de Mau\u00e1, um empres\u00e1rio que sempre acreditou no Estado e na Cidade do Rio de Janeiro e seguiu fazendo mais investimentos. A escolha de seu nome foi muito acertada\u201d, declara o presidente da ACRJ, Jos\u00e9 Antonio do Nascimento Brito.\u00a0<\/p>\n<p><\/p>\n<p>O executivo ainda destacou em seu discurso de abertura o esp\u00edrito empreendedor e o amor de Peres pela cidade do Rio de Janeiro. \u201cNum momento de crise, em que todos os estabelecimentos estavam fechando, pessoas ficando desempregadas, Jos\u00e9 Isaac lan\u00e7a um empreendimento de R$ 1,9 bilh\u00e3o com o impacto de gerar 8 mil novos postos de trabalho\u201d, disse Nascimento Brito se referindo \u00e0 nova aposta do grupo, o Park Shopping Jacarepagu\u00e1, inaugurado em novembro de 2021.<\/p>\n<p><\/p>\n<p>\u201cN\u00e3o esperava t\u00e3o expressa homenagem. Aceito com profunda gratid\u00e3o \u00e0 Associa\u00e7\u00e3o Comercial e \u00e0 cidade do Rio de Janeiro. \u00c9 uma honra para mim e para minha fam\u00edlia, que sempre vivemos nessa Cidade Maravilhosa. Fizemos muitos empreendimentos, entre eles shoppings que empregam mais de 20 mil pessoas, e esperamos ainda fazer mais pela cidade\u201d, disse Peres.\u00a0<\/p>\n<p><\/p>\n<p>Em seu discurso, o empres\u00e1rio ressaltou a import\u00e2ncia da uni\u00e3o da sociedade civil, empres\u00e1rios e governo para o crescimento do Rio de Janeiro. \u201cPrecisamos parar de falar mal do Rio de Janeiro. Esta cidade \u00e9 um ativo poderoso, precisamos nos unir em prol dela\u201d, afirmou Peres, que tamb\u00e9m foi agraciado com uma camisa do Flamengo, seu time de cora\u00e7\u00e3o, entregue pela ex-presidente do clube, Patr\u00edcia Amorim, e demais autoridades que foram convidadas para subir ao palco.<\/p>\n<p><\/p>\n<p>O presidente da C\u00e2mara dos Vereadores, Carlo Caiado, disse que a marca do empres\u00e1rio Jos\u00e9 Isaac Peres est\u00e1 por todo o Rio de Janeiro, e ressaltou os investimentos feitos pela Multiplan na constru\u00e7\u00e3o dos shoppings de Campo Grande e de Jacarepagu\u00e1. Convidando a esposa do homenageado, Maria Helena Peres, ao palco, Caiado entregou a ela a medalha Chiquinha Gonzaga. \u201cLugar de mulher \u00e9 onde ela quer estar e a Chiquinha Gonzaga representa muito isso\u201d avaliou o vereador.\u00a0<\/p>\n<p><\/p>\n<p>Na sequ\u00eancia, o prefeito Eduardo Paes lembrou que o Rio de Janeiro foi o epicentro de todas as crises brasileiras, mas que nem por isso a cidade deixou de ser especial. \u201cEsse complexo de vira-latas precisa ser superado, o que se faz com uni\u00e3o e esfor\u00e7o\u201d, disse. E completou: \u201cJos\u00e9 Isaac \u00e9 o exemplo da resili\u00eancia que o Rio de Janeiro tem\u201d.<\/p>\n<p><\/p>\n<p>O governador Claudio Castro refor\u00e7ou os elogios do prefeito do Rio, mas referiu ressaltar o lado humano de Peres em seu discurso. \u201cQuantas fam\u00edlias o senhor ajudou e salvou, fam\u00edlias que nem sabem quem \u00e9 Jos\u00e9 Isaac Peres?\u201d, indagou Castro.\u00a0<\/p>\n<p><\/p>\n<p>Peres ainda revelou que est\u00e1 com um p\u00e9 na capital Riograndense, onde j\u00e1 investiu R$ 4 bilh\u00f5es de reais na constru\u00e7\u00e3o do mais novo shopping da rede.<\/p>\n<p><strong>Fotos: Adolfo Castro<\/strong><\/p>\n<p><\/p>\t\t\t\t\t\t\t\t<\/div>\n\t\t\t\t<\/div>\n\t\t\t\t<div class=\"elementor-element elementor-element-294a864 elementor-widget elementor-widget-gallery\" data-id=\"294a864\" data-element_type=\"widget\" data-e-type=\"widget\" data-settings=\"{&quot;columns&quot;:3,&quot;overlay_title&quot;:&quot;title&quot;,&quot;overlay_description&quot;:&quot;caption&quot;,&quot;lazyload&quot;:&quot;yes&quot;,&quot;gallery_layout&quot;:&quot;grid&quot;,&quot;columns_tablet&quot;:2,&quot;columns_mobile&quot;:1,&quot;gap&quot;:{&quot;unit&quot;:&quot;px&quot;,&quot;size&quot;:10,&quot;sizes&quot;:[]},&quot;gap_tablet&quot;:{&quot;unit&quot;:&quot;px&quot;,&quot;size&quot;:10,&quot;sizes&quot;:[]},&quot;gap_mobile&quot;:{&quot;unit&quot;:&quot;px&quot;,&quot;size&quot;:10,&quot;sizes&quot;:[]},&quot;link_to&quot;:&quot;file&quot;,&quot;aspect_ratio&quot;:&quot;3:2&quot;,&quot;overlay_background&quot;:&quot;yes&quot;,&quot;content_hover_animation&quot;:&quot;fade-in&quot;}\" data-widget_type=\"gallery.default\">\n\t\t\t\t<div class=\"elementor-widget-container\">\n\t\t\t\t\t\t\t<div class=\"elementor-gallery__container\">\n\t\t\t\t\t\t\t<a class=\"e-gallery-item elementor-gallery-item elementor-animated-content\" href=\"https:\/\/acrj.org.br\/wp-content\/uploads\/2022\/04\/IMG_3048-scaled.jpg\" data-elementor-open-lightbox=\"yes\" data-elementor-lightbox-slideshow=\"294a864\" data-elementor-lightbox-title=\"Entrevista com Isaac Peres\" data-e-action-hash=\"#elementor-action%3Aaction%3Dlightbox%26settings%3DeyJpZCI6MTEzMzQsInVybCI6Imh0dHBzOlwvXC9hY3JqLm9yZy5iclwvd3AtY29udGVudFwvdXBsb2Fkc1wvMjAyMlwvMDRcL0lNR18zMDQ4LXNjYWxlZC5qcGciLCJzbGlkZXNob3ciOiIyOTRhODY0In0%3D\">\n\t\t\t\t\t<div class=\"e-gallery-image elementor-gallery-item__image\" data-thumbnail=\"https:\/\/acrj.org.br\/wp-content\/uploads\/2022\/04\/IMG_3048-scaled.jpg\" data-width=\"2560\" data-height=\"1707\" aria-label=\"\" role=\"img\" ><\/div>\n\t\t\t\t\t\t\t\t\t\t\t<div class=\"elementor-gallery-item__overlay\"><\/div>\n\t\t\t\t\t\t\t\t\t\t\t\t\t\t\t<div class=\"elementor-gallery-item__content\">\n\t\t\t\t\t\t\t\t\t\t\t\t\t\t<div class=\"elementor-gallery-item__title\">\n\t\t\t\t\t\t\t\t\t\t\t\t\t\t\t\t\t\tEntrevista com Isaac Peres\t\t\t\t\t\t\t\t<\/div>\n\t\t\t\t\t\t\t\t\t\t\t\t<\/div>\n\t\t\t\t\t\t\t\t\t<\/a>\n\t\t\t\t\t\t\t<a class=\"e-gallery-item elementor-gallery-item elementor-animated-content\" href=\"https:\/\/acrj.org.br\/wp-content\/uploads\/2022\/04\/IMG_3164-scaled.jpg\" data-elementor-open-lightbox=\"yes\" data-elementor-lightbox-slideshow=\"294a864\" data-elementor-lightbox-title=\"Governador Cl\u00e1udio Castro\" data-e-action-hash=\"#elementor-action%3Aaction%3Dlightbox%26settings%3DeyJpZCI6MTEzMjIsInVybCI6Imh0dHBzOlwvXC9hY3JqLm9yZy5iclwvd3AtY29udGVudFwvdXBsb2Fkc1wvMjAyMlwvMDRcL0lNR18zMTY0LXNjYWxlZC5qcGciLCJzbGlkZXNob3ciOiIyOTRhODY0In0%3D\">\n\t\t\t\t\t<div class=\"e-gallery-image elementor-gallery-item__image\" data-thumbnail=\"https:\/\/acrj.org.br\/wp-content\/uploads\/2022\/04\/IMG_3164-scaled.jpg\" data-width=\"2560\" data-height=\"1707\" aria-label=\"\" role=\"img\" ><\/div>\n\t\t\t\t\t\t\t\t\t\t\t<div class=\"elementor-gallery-item__overlay\"><\/div>\n\t\t\t\t\t\t\t\t\t\t\t\t\t\t\t<div class=\"elementor-gallery-item__content\">\n\t\t\t\t\t\t\t\t\t\t\t\t\t\t<div class=\"elementor-gallery-item__title\">\n\t\t\t\t\t\t\t\t\t\t\t\t\t\t\t\t\t\tGovernador Cl\u00e1udio Castro\t\t\t\t\t\t\t\t<\/div>\n\t\t\t\t\t\t\t\t\t\t\t\t<\/div>\n\t\t\t\t\t\t\t\t\t<\/a>\n\t\t\t\t\t\t\t<a class=\"e-gallery-item elementor-gallery-item elementor-animated-content\" href=\"https:\/\/acrj.org.br\/wp-content\/uploads\/2022\/04\/IMG_3153-scaled.jpg\" data-elementor-open-lightbox=\"yes\" data-elementor-lightbox-slideshow=\"294a864\" data-elementor-lightbox-title=\"Prefeito Eduardo Paes\" data-e-action-hash=\"#elementor-action%3Aaction%3Dlightbox%26settings%3DeyJpZCI6MTEzMzMsInVybCI6Imh0dHBzOlwvXC9hY3JqLm9yZy5iclwvd3AtY29udGVudFwvdXBsb2Fkc1wvMjAyMlwvMDRcL0lNR18zMTUzLXNjYWxlZC5qcGciLCJzbGlkZXNob3ciOiIyOTRhODY0In0%3D\">\n\t\t\t\t\t<div class=\"e-gallery-image elementor-gallery-item__image\" data-thumbnail=\"https:\/\/acrj.org.br\/wp-content\/uploads\/2022\/04\/IMG_3153-scaled.jpg\" data-width=\"2560\" data-height=\"1707\" aria-label=\"\" role=\"img\" ><\/div>\n\t\t\t\t\t\t\t\t\t\t\t<div class=\"elementor-gallery-item__overlay\"><\/div>\n\t\t\t\t\t\t\t\t\t\t\t\t\t\t\t<div class=\"elementor-gallery-item__content\">\n\t\t\t\t\t\t\t\t\t\t\t\t\t\t<div class=\"elementor-gallery-item__title\">\n\t\t\t\t\t\t\t\t\t\t\t\t\t\t\t\t\t\tPrefeito Eduardo Paes\t\t\t\t\t\t\t\t<\/div>\n\t\t\t\t\t\t\t\t\t\t\t\t<\/div>\n\t\t\t\t\t\t\t\t\t<\/a>\n\t\t\t\t\t\t\t<a class=\"e-gallery-item elementor-gallery-item elementor-animated-content\" href=\"https:\/\/acrj.org.br\/wp-content\/uploads\/2022\/04\/IMG-20220412-WA0030.jpg\" data-elementor-open-lightbox=\"yes\" data-elementor-lightbox-slideshow=\"294a864\" data-elementor-lightbox-title=\"Entrevista com Nascimento Brito\" data-e-action-hash=\"#elementor-action%3Aaction%3Dlightbox%26settings%3DeyJpZCI6MTEyNzYsInVybCI6Imh0dHBzOlwvXC9hY3JqLm9yZy5iclwvd3AtY29udGVudFwvdXBsb2Fkc1wvMjAyMlwvMDRcL0lNRy0yMDIyMDQxMi1XQTAwMzAuanBnIiwic2xpZGVzaG93IjoiMjk0YTg2NCJ9\">\n\t\t\t\t\t<div class=\"e-gallery-image elementor-gallery-item__image\" data-thumbnail=\"https:\/\/acrj.org.br\/wp-content\/uploads\/2022\/04\/IMG-20220412-WA0030.jpg\" data-width=\"1280\" data-height=\"853\" aria-label=\"\" role=\"img\" ><\/div>\n\t\t\t\t\t\t\t\t\t\t\t<div class=\"elementor-gallery-item__overlay\"><\/div>\n\t\t\t\t\t\t\t\t\t\t\t\t\t\t\t<div class=\"elementor-gallery-item__content\">\n\t\t\t\t\t\t\t\t\t\t\t\t\t\t<div class=\"elementor-gallery-item__title\">\n\t\t\t\t\t\t\t\t\t\t\t\t\t\t\t\t\t\tEntrevista com Nascimento Brito\t\t\t\t\t\t\t\t<\/div>\n\t\t\t\t\t\t\t\t\t\t\t\t<\/div>\n\t\t\t\t\t\t\t\t\t<\/a>\n\t\t\t\t\t\t\t<a class=\"e-gallery-item elementor-gallery-item elementor-animated-content\" href=\"https:\/\/acrj.org.br\/wp-content\/uploads\/2022\/04\/IMG-20220412-WA0043.jpg\" data-elementor-open-lightbox=\"yes\" data-elementor-lightbox-slideshow=\"294a864\" data-elementor-lightbox-title=\"Evento Empres\u00e1rio do Ano 2022\" data-e-action-hash=\"#elementor-action%3Aaction%3Dlightbox%26settings%3DeyJpZCI6MTEyNzksInVybCI6Imh0dHBzOlwvXC9hY3JqLm9yZy5iclwvd3AtY29udGVudFwvdXBsb2Fkc1wvMjAyMlwvMDRcL0lNRy0yMDIyMDQxMi1XQTAwNDMuanBnIiwic2xpZGVzaG93IjoiMjk0YTg2NCJ9\">\n\t\t\t\t\t<div class=\"e-gallery-image elementor-gallery-item__image\" data-thumbnail=\"https:\/\/acrj.org.br\/wp-content\/uploads\/2022\/04\/IMG-20220412-WA0043.jpg\" data-width=\"1280\" data-height=\"853\" aria-label=\"\" role=\"img\" ><\/div>\n\t\t\t\t\t\t\t\t\t\t\t<div class=\"elementor-gallery-item__overlay\"><\/div>\n\t\t\t\t\t\t\t\t\t\t\t\t\t\t\t<div class=\"elementor-gallery-item__content\">\n\t\t\t\t\t\t\t\t\t\t\t\t\t\t<div class=\"elementor-gallery-item__title\">\n\t\t\t\t\t\t\t\t\t\t\t\t\t\t\t\t\t\tEvento Empres\u00e1rio do Ano 2022\t\t\t\t\t\t\t\t<\/div>\n\t\t\t\t\t\t\t\t\t\t\t\t<\/div>\n\t\t\t\t\t\t\t\t\t<\/a>\n\t\t\t\t\t\t\t<a class=\"e-gallery-item elementor-gallery-item elementor-animated-content\" href=\"https:\/\/acrj.org.br\/wp-content\/uploads\/2022\/04\/IMG_3226-scaled.jpg\" data-elementor-open-lightbox=\"yes\" data-elementor-lightbox-slideshow=\"294a864\" data-elementor-lightbox-title=\"Patricia Amorim, Nascimento Brito, Antonio Queiroz, Humberto Mota e Angela Costa\" data-e-action-hash=\"#elementor-action%3Aaction%3Dlightbox%26settings%3DeyJpZCI6MTEzMjMsInVybCI6Imh0dHBzOlwvXC9hY3JqLm9yZy5iclwvd3AtY29udGVudFwvdXBsb2Fkc1wvMjAyMlwvMDRcL0lNR18zMjI2LXNjYWxlZC5qcGciLCJzbGlkZXNob3ciOiIyOTRhODY0In0%3D\">\n\t\t\t\t\t<div class=\"e-gallery-image elementor-gallery-item__image\" data-thumbnail=\"https:\/\/acrj.org.br\/wp-content\/uploads\/2022\/04\/IMG_3226-scaled.jpg\" data-width=\"2560\" data-height=\"1707\" aria-label=\"\" role=\"img\" ><\/div>\n\t\t\t\t\t\t\t\t\t\t\t<div class=\"elementor-gallery-item__overlay\"><\/div>\n\t\t\t\t\t\t\t\t\t\t\t\t\t\t\t<div class=\"elementor-gallery-item__content\">\n\t\t\t\t\t\t\t\t\t\t\t\t\t\t<div class=\"elementor-gallery-item__title\">\n\t\t\t\t\t\t\t\t\t\t\t\t\t\t\t\t\t\tPatricia Amorim, Nascimento Brito, Antonio Queiroz, Humberto Mota e Angela Costa\t\t\t\t\t\t\t\t<\/div>\n\t\t\t\t\t\t\t\t\t\t\t\t<\/div>\n\t\t\t\t\t\t\t\t\t<\/a>\n\t\t\t\t\t\t\t<a class=\"e-gallery-item elementor-gallery-item elementor-animated-content\" href=\"https:\/\/acrj.org.br\/wp-content\/uploads\/2022\/04\/IMG_3027-scaled.jpg\" data-elementor-open-lightbox=\"yes\" data-elementor-lightbox-slideshow=\"294a864\" data-elementor-lightbox-title=\"Nascimento Brito e Jos\u00e9 Isaac Peres\" data-e-action-hash=\"#elementor-action%3Aaction%3Dlightbox%26settings%3DeyJpZCI6MTEzMTMsInVybCI6Imh0dHBzOlwvXC9hY3JqLm9yZy5iclwvd3AtY29udGVudFwvdXBsb2Fkc1wvMjAyMlwvMDRcL0lNR18zMDI3LXNjYWxlZC5qcGciLCJzbGlkZXNob3ciOiIyOTRhODY0In0%3D\">\n\t\t\t\t\t<div class=\"e-gallery-image elementor-gallery-item__image\" data-thumbnail=\"https:\/\/acrj.org.br\/wp-content\/uploads\/2022\/04\/IMG_3027-scaled.jpg\" data-width=\"2560\" data-height=\"1707\" aria-label=\"\" role=\"img\" ><\/div>\n\t\t\t\t\t\t\t\t\t\t\t<div class=\"elementor-gallery-item__overlay\"><\/div>\n\t\t\t\t\t\t\t\t\t\t\t\t\t\t\t<div class=\"elementor-gallery-item__content\">\n\t\t\t\t\t\t\t\t\t\t\t\t\t\t<div class=\"elementor-gallery-item__title\">\n\t\t\t\t\t\t\t\t\t\t\t\t\t\t\t\t\t\tNascimento Brito e Jos\u00e9 Isaac Peres\t\t\t\t\t\t\t\t<\/div>\n\t\t\t\t\t\t\t\t\t\t\t\t<\/div>\n\t\t\t\t\t\t\t\t\t<\/a>\n\t\t\t\t\t\t\t<a class=\"e-gallery-item elementor-gallery-item elementor-animated-content\" href=\"https:\/\/acrj.org.br\/wp-content\/uploads\/2022\/04\/IMG_3117-scaled.jpg\" data-elementor-open-lightbox=\"yes\" data-elementor-lightbox-slideshow=\"294a864\" data-elementor-lightbox-title=\"Nascimento Brito, Jos\u00e9 Isaac Peres, Maria Helena Peres e Carlo Caiado\" data-e-action-hash=\"#elementor-action%3Aaction%3Dlightbox%26settings%3DeyJpZCI6MTEzMjAsInVybCI6Imh0dHBzOlwvXC9hY3JqLm9yZy5iclwvd3AtY29udGVudFwvdXBsb2Fkc1wvMjAyMlwvMDRcL0lNR18zMTE3LXNjYWxlZC5qcGciLCJzbGlkZXNob3ciOiIyOTRhODY0In0%3D\">\n\t\t\t\t\t<div class=\"e-gallery-image elementor-gallery-item__image\" data-thumbnail=\"https:\/\/acrj.org.br\/wp-content\/uploads\/2022\/04\/IMG_3117-scaled.jpg\" data-width=\"2560\" data-height=\"1707\" aria-label=\"\" role=\"img\" ><\/div>\n\t\t\t\t\t\t\t\t\t\t\t<div class=\"elementor-gallery-item__overlay\"><\/div>\n\t\t\t\t\t\t\t\t\t\t\t\t\t\t\t<div class=\"elementor-gallery-item__content\">\n\t\t\t\t\t\t\t\t\t\t\t\t\t\t<div class=\"elementor-gallery-item__title\">\n\t\t\t\t\t\t\t\t\t\t\t\t\t\t\t\t\t\tNascimento Brito, Jos\u00e9 Isaac Peres, Maria Helena Peres e Carlo Caiado\t\t\t\t\t\t\t\t<\/div>\n\t\t\t\t\t\t\t\t\t\t\t\t<\/div>\n\t\t\t\t\t\t\t\t\t<\/a>\n\t\t\t\t\t\t\t<a class=\"e-gallery-item elementor-gallery-item elementor-animated-content\" href=\"https:\/\/acrj.org.br\/wp-content\/uploads\/2022\/04\/IMG_3147-scaled.jpg\" data-elementor-open-lightbox=\"yes\" data-elementor-lightbox-slideshow=\"294a864\" data-elementor-lightbox-title=\"Evento Empres\u00e1rio do Ano 2022\" data-e-action-hash=\"#elementor-action%3Aaction%3Dlightbox%26settings%3DeyJpZCI6MTEzMjUsInVybCI6Imh0dHBzOlwvXC9hY3JqLm9yZy5iclwvd3AtY29udGVudFwvdXBsb2Fkc1wvMjAyMlwvMDRcL0lNR18zMTQ3LXNjYWxlZC5qcGciLCJzbGlkZXNob3ciOiIyOTRhODY0In0%3D\">\n\t\t\t\t\t<div class=\"e-gallery-image elementor-gallery-item__image\" data-thumbnail=\"https:\/\/acrj.org.br\/wp-content\/uploads\/2022\/04\/IMG_3147-scaled.jpg\" data-width=\"2560\" data-height=\"1707\" aria-label=\"\" role=\"img\" ><\/div>\n\t\t\t\t\t\t\t\t\t\t\t<div class=\"elementor-gallery-item__overlay\"><\/div>\n\t\t\t\t\t\t\t\t\t\t\t\t\t\t\t<div class=\"elementor-gallery-item__content\">\n\t\t\t\t\t\t\t\t\t\t\t\t\t\t<div class=\"elementor-gallery-item__title\">\n\t\t\t\t\t\t\t\t\t\t\t\t\t\t\t\t\t\tEvento Empres\u00e1rio do Ano 2022\t\t\t\t\t\t\t\t<\/div>\n\t\t\t\t\t\t\t\t\t\t\t\t<\/div>\n\t\t\t\t\t\t\t\t\t<\/a>\n\t\t\t\t\t<\/div>\n\t\t\t\t\t<\/div>\n\t\t\t\t<\/div>\n\t\t\t\t\t<\/div>\n\t\t<\/div>\n\t\t\t\t\t<\/div>\n\t\t<\/section>\n\t\t\t\t<\/div>\n\t\t","protected":false},"excerpt":{"rendered":"<p>Fundador e presidente da Multiplan, o empres\u00e1rio recebeu duas medalhas da ACRJ no dia 12 de abril, durante evento no Hotel Fairmont, em Copacabana\u00a0 A&hellip;<\/p>\n","protected":false},"author":3,"featured_media":11330,"comment_status":"closed","ping_status":"closed","sticky":false,"template":"","format":"standard","meta":{"_exactmetrics_skip_tracking":false,"_exactmetrics_sitenote_active":false,"_exactmetrics_sitenote_note":"","_exactmetrics_sitenote_category":0,"footnotes":""},"categories":[6],"tags":[],"class_list":["post-11274","post","type-post","status-publish","format-standard","has-post-thumbnail","hentry","category-destaque_noticias"],"_links":{"self":[{"href":"https:\/\/acrj.org.br\/index.php\/wp-json\/wp\/v2\/posts\/11274","targetHints":{"allow":["GET"]}}],"collection":[{"href":"https:\/\/acrj.org.br\/index.php\/wp-json\/wp\/v2\/posts"}],"about":[{"href":"https:\/\/acrj.org.br\/index.php\/wp-json\/wp\/v2\/types\/post"}],"author":[{"embeddable":true,"href":"https:\/\/acrj.org.br\/index.php\/wp-json\/wp\/v2\/users\/3"}],"replies":[{"embeddable":true,"href":"https:\/\/acrj.org.br\/index.php\/wp-json\/wp\/v2\/comments?post=11274"}],"version-history":[{"count":0,"href":"https:\/\/acrj.org.br\/index.php\/wp-json\/wp\/v2\/posts\/11274\/revisions"}],"wp:featuredmedia":[{"embeddable":true,"href":"https:\/\/acrj.org.br\/index.php\/wp-json\/wp\/v2\/media\/11330"}],"wp:attachment":[{"href":"https:\/\/acrj.org.br\/index.php\/wp-json\/wp\/v2\/media?parent=11274"}],"wp:term":[{"taxonomy":"category","embeddable":true,"href":"https:\/\/acrj.org.br\/index.php\/wp-json\/wp\/v2\/categories?post=11274"},{"taxonomy":"post_tag","embeddable":true,"href":"https:\/\/acrj.org.br\/index.php\/wp-json\/wp\/v2\/tags?post=11274"}],"curies":[{"name":"wp","href":"https:\/\/api.w.org\/{rel}","templated":true}]}}