{"id":11214,"date":"2022-04-11T16:59:00","date_gmt":"2022-04-11T19:59:00","guid":{"rendered":"https:\/\/acrj.org.br\/?p=11214"},"modified":"2022-04-12T19:10:43","modified_gmt":"2022-04-12T22:10:43","slug":"encontro-reune-presidentes-dos-conselhos-empresariais","status":"publish","type":"post","link":"https:\/\/acrj.org.br\/index.php\/2022\/04\/11\/encontro-reune-presidentes-dos-conselhos-empresariais\/","title":{"rendered":"Encontro re\u00fane presidentes dos Conselhos Empresariais"},"content":{"rendered":"\n<p>Os presidentes, e vices, dos Conselhos Empresariais da Associa\u00e7\u00e3o Comercial do Rio de Janeiro participaram, dia 6 de abril, do encontro bimestral com o presidente da ACRJ, Jos\u00e9 Antonio do Nascimento Brito, e o vice Alberto Blois. Na ocasi\u00e3o, cada representante fez um resumo da atua\u00e7\u00e3o de sua pasta nos \u00faltimos dois meses e projetou os pr\u00f3ximos passos.<br>O presidente Josa destacou o trabalho desses f\u00f3runs para a relev\u00e2ncia que a Casa de Mau\u00e1 cada vez mais vem alcan\u00e7ando na cidade e no estado. \u201cO trabalho dos conselhos \u00e9 estrat\u00e9gico para a ACRJ\u201d, afirmou.<br>Ele fez alguns an\u00fancios, como o Pr\u00eamio Personalidade do Ano, que ser\u00e1 concedido pela Associa\u00e7\u00e3o Comercial a empres\u00e1rios de destaque na cidade; e a cria\u00e7\u00e3o dos Comit\u00eas, em parceria com outras institui\u00e7\u00f5es, que v\u00e3o tratar de assuntos como 5G, Pirataria, Meio Ambiente e Saneamento e Mobilidade Urbana. Cada um deles tem integrantes dos Conselhos representando a ACRJ nas discuss\u00f5es.<br>Alberto Blois refor\u00e7ou a import\u00e2ncia do papel dos f\u00f3runs tem\u00e1ticos da ACRJ como interlocutor de assuntos de interesse da casa. \u201cVoc\u00eas s\u00e3o estrategicamente fundamentais para o posicionamento da Casa de Mau\u00e1 em temas que afetam, principalmente, a nossa cidade. E \u00e9 importante trabalharmos sempre com o permanente di\u00e1logo entre os conselhos para que nossa efetividade seja ainda maior\u201d, ressaltou.<\/p>\n","protected":false},"excerpt":{"rendered":"<p>Os presidentes, e vices, dos Conselhos Empresariais da Associa\u00e7\u00e3o Comercial do Rio de Janeiro participaram, dia 6 de abril, do encontro bimestral com o presidente&hellip;<\/p>\n","protected":false},"author":3,"featured_media":11215,"comment_status":"closed","ping_status":"closed","sticky":false,"template":"","format":"standard","meta":{"_exactmetrics_skip_tracking":false,"_exactmetrics_sitenote_active":false,"_exactmetrics_sitenote_note":"","_exactmetrics_sitenote_category":0,"footnotes":""},"categories":[10],"tags":[],"class_list":["post-11214","post","type-post","status-publish","format-standard","has-post-thumbnail","hentry","category-noticias"],"_links":{"self":[{"href":"https:\/\/acrj.org.br\/index.php\/wp-json\/wp\/v2\/posts\/11214","targetHints":{"allow":["GET"]}}],"collection":[{"href":"https:\/\/acrj.org.br\/index.php\/wp-json\/wp\/v2\/posts"}],"about":[{"href":"https:\/\/acrj.org.br\/index.php\/wp-json\/wp\/v2\/types\/post"}],"author":[{"embeddable":true,"href":"https:\/\/acrj.org.br\/index.php\/wp-json\/wp\/v2\/users\/3"}],"replies":[{"embeddable":true,"href":"https:\/\/acrj.org.br\/index.php\/wp-json\/wp\/v2\/comments?post=11214"}],"version-history":[{"count":0,"href":"https:\/\/acrj.org.br\/index.php\/wp-json\/wp\/v2\/posts\/11214\/revisions"}],"wp:featuredmedia":[{"embeddable":true,"href":"https:\/\/acrj.org.br\/index.php\/wp-json\/wp\/v2\/media\/11215"}],"wp:attachment":[{"href":"https:\/\/acrj.org.br\/index.php\/wp-json\/wp\/v2\/media?parent=11214"}],"wp:term":[{"taxonomy":"category","embeddable":true,"href":"https:\/\/acrj.org.br\/index.php\/wp-json\/wp\/v2\/categories?post=11214"},{"taxonomy":"post_tag","embeddable":true,"href":"https:\/\/acrj.org.br\/index.php\/wp-json\/wp\/v2\/tags?post=11214"}],"curies":[{"name":"wp","href":"https:\/\/api.w.org\/{rel}","templated":true}]}}