{"id":11200,"date":"2022-04-26T10:19:00","date_gmt":"2022-04-26T13:19:00","guid":{"rendered":"https:\/\/acrj.org.br\/?p=11200"},"modified":"2022-05-11T11:56:52","modified_gmt":"2022-05-11T14:56:52","slug":"ano-de-eleicao-e-imprevisivel-e-critico","status":"publish","type":"post","link":"https:\/\/acrj.org.br\/index.php\/2022\/04\/26\/ano-de-eleicao-e-imprevisivel-e-critico\/","title":{"rendered":"Ano de elei\u00e7\u00e3o \u00e9 imprevis\u00edvel e cr\u00edtico"},"content":{"rendered":"\n<p>Por Marc\u00edlio Marques Moreira, <em>presidente do Conselho Empresarial de Pol\u00edticas Econ\u00f4micas da ACRJ<\/em>.  Artigo publicado no Jornal O Globo, dia 5\/4\/2022<\/p>\n\n\n\n<p>O emaranhado de cen\u00e1rios para 2022 \u00e9 t\u00e3o abrangente que a resultante incerteza tornou-se fator que, segundo Frank Knight, conduz \u00e0 paralisia decis\u00f3ria. Em contraste, cen\u00e1rios de riscos s\u00e3o inerentes ao liberalismo econ\u00f4mico. Empres\u00e1rios agu\u00e7am o apetite ao confrontar riscos.<\/p>\n\n\n\n<p>Incerteza puro-sangue, por sua vez, fragiliza o esfor\u00e7o de desenvolvimento. Al\u00e9m do imediato efeito negativo, tem consequ\u00eancia duradoura, quando coincide com outra caracter\u00edstica das economias latino-americanas: a fracassomania. Nos anos de distens\u00e3o econ\u00f4mica e euforia p\u00f3s-ditadura, o Brasil parecia ter escapado. A pandemia e a fraca rea\u00e7\u00e3o a recentes crises econ\u00f4micas jogaram-nos, entretanto, em situa\u00e7\u00e3o pior. Ca\u00edmos na armadilha da renda m\u00e9dia. O sistema de sa\u00fade p\u00fablica teve a estrutura testada pela pandemia, mas o sistema de educa\u00e7\u00e3o, prec\u00e1rio, tem dado sinais crescentes de fadiga.<\/p>\n\n\n\n<p>Tanto ao governo quanto \u00e0 oposi\u00e7\u00e3o, faltaram a ideia clara da obra a realizar, permitindo a captura de pol\u00edticas p\u00fablicas por oportunistas \u00e1vidos em transform\u00e1-las em instrumento a servi\u00e7o de interesses especiais, religiosos, partid\u00e1rios, pol\u00edticos ou econ\u00f4micos.<\/p>\n\n\n\n<p>Ao governo faltou, ainda, capacidade de governar e perceber a realidade das dificuldades que vivenciamos, n\u00e3o suportando o ac\u00famulo de d\u00edvidas sociais, ofuscadas por v\u00e9u de pseudosolu\u00e7\u00f5es.<\/p>\n\n\n\n<p>A absten\u00e7\u00e3o eleitoral seria resposta ao prevalecente deserto de homens e id\u00e9ias. O desalento \u00e9 especialmente agudo entre jovens com recente direito a voto, cujo segmento sofreu forte queda devido ao nosso envelhecimento demogr\u00e1fico.<\/p>\n\n\n\n<p>Os m\u00faltiplos desafios, entretanto, n\u00e3o recomendam absten\u00e7\u00e3o. Exigem engajamento de todos para evitar graves descaminhos. Urge redobrar esfor\u00e7os, e afirmar, \u00e0 maneira de Max Weber, em &#8220;A pol\u00edtica como voca\u00e7\u00e3o&#8221;: Dennoch! Isto \u00e9, apesar de tudo, de \u201cl\u00edderes\u201d que desmerecem s\u00ea-lo e de propostas obsoletas, incapazes de corresponder a demandas cuja gravidade insistimos em n\u00e3o reconhecer.<\/p>\n\n\n\n<p>A poucos meses para a elei\u00e7\u00e3o, a preocupa\u00e7\u00e3o tem de afastar-se do imediato e estender-se a prazos mais longos. O mundo e o Brasil est\u00e3o em transi\u00e7\u00e3o energ\u00e9tica, clim\u00e1tica, digital, G-5, descarboniza\u00e7\u00e3o, hidrog\u00eanio verde, realidades que n\u00e3o podemos desprezar.<\/p>\n\n\n\n<p>Mudan\u00e7as despontam no horizonte, mas supostos l\u00edderes n\u00e3o sabem ou n\u00e3o querem enfrent\u00e1-las. S\u00e3o desafios passados, atuais e futuros. T\u00eam de atender aos avan\u00e7os da t\u00e9cnica e da \u00e9tica do amanh\u00e3.<\/p>\n\n\n\n<p>A economia mundial apresenta alto \u00edndice de infla\u00e7\u00e3o. Nos Estados Unidos, chegou a mais de 7,5% anuais. A atual crise, inclusive as rea\u00e7\u00f5es a ela, tendem a gerar press\u00f5es de v\u00e1riada \u00edndole.<\/p>\n\n\n\n<p>H\u00e1 ainda a incerteza quanto ao comportamento da pandemia e da guerra R\u00fassia-Ucr\u00e2nia, que se expande lenta, mas cruelmente. \u00c9 necess\u00e1rio continuar atento ao poss\u00edvel surto de novas cepas e \u00e0s consequentes mudan\u00e7as nas cadeias de suprimento.<\/p>\n\n\n\n<p>Causa preocupa\u00e7\u00e3o especial a pol\u00edtica de Covid Zero da China. Surto de nova cepa pode estar levando a lockdowns em vastas regi\u00f5es e importantes cidades, refor\u00e7ando a quebra na oferta de fertilizantes e de chips.<\/p>\n\n\n\n<p>Com a conjuntura global j\u00e1 dif\u00edcil, a mal pensada guerra de Putin trouxe incerteza adicional, que veio se somar ao polarizado e empobrecido quadro eleitoral brasileiro. Isto abriu a proje\u00e7\u00e3o do PIB de 2022, de consenso em torno de \u2013 0,5%, para cen\u00e1rio entre 1,5% negativo e 1,5% positivos. H\u00e1 quem acredite que o Brasil possa vir a receber fluxos externos de recursos com que refor\u00e7aria o j\u00e1 alto n\u00edvel de investimento em 2021: 19,20% que contribu\u00edram para que o crescimento do PIB superasse os 3,9% da queda em 2020.<\/p>\n\n\n\n<p>As proje\u00e7\u00f5es podem desviar-se para cima ou para baixo. No setor imobili\u00e1rio, apesar do aumento de juros; h\u00e1 avan\u00e7os em servi\u00e7os \u00e0 fam\u00edlia, e em alguns setores do varejo. Por sua vez miniempreendimentos em 2021 geraram quase 4 milh\u00f5es de novos neg\u00f3cios, mais 18,8% do que em 2020. \u00c9 verdade, novas vagas surgiram no setor informal que alguns insistem em desprezar, considerando-as de segunda categoria, embora no Brasil sempre precederam as empresas formais, ao traduzir procura por futuro melhor, que s\u00f3i brotar da cria\u00e7\u00e3o de minineg\u00f3cios com mais for\u00e7a do que por burocr\u00e1ticas \u201ccarteiras assinadas\u201d.<\/p>\n\n\n\n<p>Como salientou Krugman, as consequ\u00eancias da \u201cGuerra Europeia\u201d ser\u00e3o severas, \u201cmas n\u00e3o catastr\u00f3ficas\u201d. Nossa preocupa\u00e7\u00e3o deve ser, portanto, o resultado de nossas elei\u00e7\u00f5es, presidencial e congressual. Delas depende nosso futuro pol\u00edtico, econ\u00f4mico e social.<\/p>\n\n\n\n<p>Marc\u00edlio presidiu a Casa de Mau\u00e1 entre os anos de 2001 e 2005. Foi ministro da Economia e diplomata e \u00e9 autor de diversas obras.<\/p>\n\n\n\n<p>Artigo na \u00edntegra <strong><a href=\"https:\/\/blogs.oglobo.globo.com\/opiniao\/post\/ano-de-eleicao-e-imprevisivel-e-critico.html?utm_source=aplicativoOGlobo&amp;utm_medium=aplicativo&amp;utm_campaign=compartilhar\">aqui<\/a><\/strong><\/p>\n\n\n\n<p><\/p>\n","protected":false},"excerpt":{"rendered":"<p>Por Marc\u00edlio Marques Moreira, presidente do Conselho Empresarial de Pol\u00edticas Econ\u00f4micas da ACRJ, publicado no Jornal O Globo<\/p>\n","protected":false},"author":3,"featured_media":5096,"comment_status":"closed","ping_status":"closed","sticky":false,"template":"","format":"standard","meta":{"_exactmetrics_skip_tracking":false,"_exactmetrics_sitenote_active":false,"_exactmetrics_sitenote_note":"","_exactmetrics_sitenote_category":0,"footnotes":""},"categories":[12],"tags":[],"class_list":["post-11200","post","type-post","status-publish","format-standard","has-post-thumbnail","hentry","category-artigos"],"_links":{"self":[{"href":"https:\/\/acrj.org.br\/index.php\/wp-json\/wp\/v2\/posts\/11200","targetHints":{"allow":["GET"]}}],"collection":[{"href":"https:\/\/acrj.org.br\/index.php\/wp-json\/wp\/v2\/posts"}],"about":[{"href":"https:\/\/acrj.org.br\/index.php\/wp-json\/wp\/v2\/types\/post"}],"author":[{"embeddable":true,"href":"https:\/\/acrj.org.br\/index.php\/wp-json\/wp\/v2\/users\/3"}],"replies":[{"embeddable":true,"href":"https:\/\/acrj.org.br\/index.php\/wp-json\/wp\/v2\/comments?post=11200"}],"version-history":[{"count":0,"href":"https:\/\/acrj.org.br\/index.php\/wp-json\/wp\/v2\/posts\/11200\/revisions"}],"wp:featuredmedia":[{"embeddable":true,"href":"https:\/\/acrj.org.br\/index.php\/wp-json\/wp\/v2\/media\/5096"}],"wp:attachment":[{"href":"https:\/\/acrj.org.br\/index.php\/wp-json\/wp\/v2\/media?parent=11200"}],"wp:term":[{"taxonomy":"category","embeddable":true,"href":"https:\/\/acrj.org.br\/index.php\/wp-json\/wp\/v2\/categories?post=11200"},{"taxonomy":"post_tag","embeddable":true,"href":"https:\/\/acrj.org.br\/index.php\/wp-json\/wp\/v2\/tags?post=11200"}],"curies":[{"name":"wp","href":"https:\/\/api.w.org\/{rel}","templated":true}]}}