{"id":11066,"date":"2022-03-29T19:34:15","date_gmt":"2022-03-29T22:34:15","guid":{"rendered":"https:\/\/acrj.org.br\/?p=11066"},"modified":"2022-03-30T11:32:58","modified_gmt":"2022-03-30T14:32:58","slug":"acrj-recebe-sergio-moro-durante-almoco-com-empresarios","status":"publish","type":"post","link":"https:\/\/acrj.org.br\/index.php\/2022\/03\/29\/acrj-recebe-sergio-moro-durante-almoco-com-empresarios\/","title":{"rendered":"ACRJ recebe Sergio Moro durante almo\u00e7o com empres\u00e1rios"},"content":{"rendered":"\t\t<div data-elementor-type=\"wp-post\" data-elementor-id=\"11066\" class=\"elementor elementor-11066\" data-elementor-post-type=\"post\">\n\t\t\t\t\t\t<section class=\"elementor-section elementor-top-section elementor-element elementor-element-5620a8c2 elementor-section-boxed elementor-section-height-default elementor-section-height-default\" data-id=\"5620a8c2\" data-element_type=\"section\" data-e-type=\"section\">\n\t\t\t\t\t\t<div class=\"elementor-container elementor-column-gap-default\">\n\t\t\t\t\t<div class=\"elementor-column elementor-col-100 elementor-top-column elementor-element elementor-element-d717aca\" data-id=\"d717aca\" data-element_type=\"column\" data-e-type=\"column\">\n\t\t\t<div class=\"elementor-widget-wrap elementor-element-populated\">\n\t\t\t\t\t\t<div class=\"elementor-element elementor-element-5032696c elementor-widget elementor-widget-text-editor\" data-id=\"5032696c\" data-element_type=\"widget\" data-e-type=\"widget\" data-widget_type=\"text-editor.default\">\n\t\t\t\t<div class=\"elementor-widget-container\">\n\t\t\t\t\t\t\t\t\t<p><\/p>\n<p>O tradicional Almo\u00e7o do Empres\u00e1rio, evento realizado pela Associa\u00e7\u00e3o Comercial do Rio de Janeiro, recebeu no dia 29 de mar\u00e7o o ex-juiz e pr\u00e9-candidato \u00e0 Presid\u00eancia da Rep\u00fablica Sergio Moro. Para uma plateia formada por empres\u00e1rios, gestores p\u00fablicos e jornalistas, Moro falou por quase duas horas sobre seu projeto de governo, caso venha a ser eleito.<\/p><p>O presidente da ACRJ, Jos\u00e9 Antonio do Nascimento Brito, destacou a import\u00e2ncia do espa\u00e7o para o debate construtivo e a inten\u00e7\u00e3o de receber, j\u00e1 nos pr\u00f3ximos meses, os demais pr\u00e9-candidatos \u00e0 Presid\u00eancia da Rep\u00fablica e ao governo do Estado. \u201c\u00c9 cada vez mais importante que tenhamos essa troca com nossos gestores para que as decis\u00f5es pol\u00edticas sejam tomadas de forma a atender \u00e0s demandas reais da popula\u00e7\u00e3o e do empresariado brasileiro\u201d, pontuou Nascimento Brito.<\/p><p>\u201cTodos n\u00f3s crescemos ouvindo falar que o Brasil era o pa\u00eds do futuro, mas a gente n\u00e3o v\u00ea esse futuro chegando e, no fundo, se pergunta: ser\u00e1 que o melhor do Brasil j\u00e1 veio, j\u00e1 passou, ser\u00e1 que n\u00f3s estamos aqui num momento de decad\u00eancia?\u201d, refletiu Moro sobre a atual situa\u00e7\u00e3o do pa\u00eds.<\/p><p>O pr\u00e9-candidato ressaltou que h\u00e1 v\u00e1rias iniciativas Brasil afora que funcionam e prosperam, mas a economia de uma forma geral n\u00e3o acompanha esse movimento e citou o exemplo da Alemanha, de onde acaba de voltar. Segundo Moro, o que se discute por l\u00e1, al\u00e9m da guerra na Ucr\u00e2nia, \u00e9 sobre energia. Ele destacou ainda que \u201co Brasil tem um potencial de crescimento incr\u00edvel\u201d, principalmente com os parques de energia e\u00f3lica e solar na Regi\u00e3o Nordeste.<\/p><p>\u201cSe fala hoje do desenvolvimento de nova esp\u00e9cie de combust\u00edvel que o Brasil pode se tornar exportador, que o hidrog\u00eanio verde, uma tecnologia de 2 a 5 anos para estar comercialmente interessante e o Brasil pode exportar e ter parceiros no mundo\u201d, explicou.<br>Nas palavras de Sergio Moro, n\u00e3o existe uma \u201cbala de prata\u201d para resolver os problemas, nem um salvador da p\u00e1tria. O que funciona, para o pr\u00e9-candidato, \u00e9 planejamento, dedica\u00e7\u00e3o e esfor\u00e7o. \u201c\u00c9 isso que a gente tem que fazer na educa\u00e7\u00e3o, na sa\u00fade e na seguran\u00e7a p\u00fablica, ter as ideias certas, coragem e ousadia para vencer os obst\u00e1culos\u201d.<\/p><p>Moro ainda citou a necessidade de &#8220;reformas modernizantes&#8221;, de responsabilidade fiscal e social e das privatiza\u00e7\u00f5es. \u201cTem que privatizar. Pode-se discutir o modelo, como se vai fazer para n\u00e3o trocar o monop\u00f3lio p\u00fablico por um privado, ou colocar essas empresas na m\u00e3o de alguma esp\u00e9cie de oligarquia\u201d, defendendo que crescimento econ\u00f4mico vem do setor privado, e que a responsabilidade do governo \u00e9 gerar um ambiente de neg\u00f3cios favor\u00e1vel ao investimento, ao neg\u00f3cio, \u00e0 prosperidade e ao emprego.<br>Em seguida, integrantes da diretoria da ACRJ fizeram perguntas e observa\u00e7\u00f5es a Sergio Moro. O vice-presidente de Mercado e Comunica\u00e7\u00e3o, Daruiz Paranhos, pontuou sobre a necessidade de investimentos em cultura no pa\u00eds. Para Irini Tsouroutsoglou, vice-presidente da casa e presidente do Conselho Empresarial de Competitividade, Ambiente de Neg\u00f3cios e Agroneg\u00f3cio, \u00e9 importante que o pr\u00f3ximo governo invista em inova\u00e7\u00e3o para viabilizar o crescimento econ\u00f4mico. Lars Grael, presidente do Conselho Empresarial de Esportes, lembrou da import\u00e2ncia do ensino de Educa\u00e7\u00e3o F\u00edsica nas escolas e lamentou a extin\u00e7\u00e3o do Minist\u00e9rio dos Esportes. O presidente do Conselho Empresarial de Pol\u00edticas Econ\u00f4micas, Marc\u00edlio Marques Moreira, reclamou do que chamou de uma falta de sede pela modernidade. \u201cAs pol\u00edticas hoje apresentadas s\u00e3o ultrapassadas, do S\u00e9culo XIX\u201d, disse. Para cada uma dessas pontua\u00e7\u00f5es, Sergio Moro apresentou suas propostas.<\/p><p>A palestra na \u00edntegra est\u00e1 dispon\u00edvel no Canal ACRJ Divulga, no YouTube. <strong><a href=\"https:\/\/youtu.be\/9o_wJ2coBSo\">Acesse aqu<\/a>i<\/strong><\/p>\n<p><\/p>\t\t\t\t\t\t\t\t<\/div>\n\t\t\t\t<\/div>\n\t\t\t\t<div class=\"elementor-element elementor-element-845c957 elementor-widget elementor-widget-gallery\" data-id=\"845c957\" data-element_type=\"widget\" data-e-type=\"widget\" data-settings=\"{&quot;columns&quot;:5,&quot;lazyload&quot;:&quot;yes&quot;,&quot;gallery_layout&quot;:&quot;grid&quot;,&quot;columns_tablet&quot;:2,&quot;columns_mobile&quot;:1,&quot;gap&quot;:{&quot;unit&quot;:&quot;px&quot;,&quot;size&quot;:10,&quot;sizes&quot;:[]},&quot;gap_tablet&quot;:{&quot;unit&quot;:&quot;px&quot;,&quot;size&quot;:10,&quot;sizes&quot;:[]},&quot;gap_mobile&quot;:{&quot;unit&quot;:&quot;px&quot;,&quot;size&quot;:10,&quot;sizes&quot;:[]},&quot;link_to&quot;:&quot;file&quot;,&quot;aspect_ratio&quot;:&quot;3:2&quot;,&quot;overlay_background&quot;:&quot;yes&quot;,&quot;content_hover_animation&quot;:&quot;fade-in&quot;}\" data-widget_type=\"gallery.default\">\n\t\t\t\t<div class=\"elementor-widget-container\">\n\t\t\t\t\t\t\t<div class=\"elementor-gallery__container\">\n\t\t\t\t\t\t\t<a class=\"e-gallery-item elementor-gallery-item elementor-animated-content\" href=\"https:\/\/acrj.org.br\/wp-content\/uploads\/2022\/03\/WhatsApp-Image-2022-03-29-at-20.34.29.jpeg\" data-elementor-open-lightbox=\"yes\" data-elementor-lightbox-slideshow=\"845c957\" data-elementor-lightbox-title=\"ACRJ recebe Sergio Moro durante almo\u00e7o com empres\u00e1rios\" data-e-action-hash=\"#elementor-action%3Aaction%3Dlightbox%26settings%3DeyJpZCI6MTEwODYsInVybCI6Imh0dHBzOlwvXC9hY3JqLm9yZy5iclwvd3AtY29udGVudFwvdXBsb2Fkc1wvMjAyMlwvMDNcL1doYXRzQXBwLUltYWdlLTIwMjItMDMtMjktYXQtMjAuMzQuMjkuanBlZyIsInNsaWRlc2hvdyI6Ijg0NWM5NTcifQ%3D%3D\">\n\t\t\t\t\t<div class=\"e-gallery-image elementor-gallery-item__image\" data-thumbnail=\"https:\/\/acrj.org.br\/wp-content\/uploads\/2022\/03\/WhatsApp-Image-2022-03-29-at-20.34.29-300x200.jpeg\" data-width=\"300\" data-height=\"200\" aria-label=\"\" role=\"img\" ><\/div>\n\t\t\t\t\t\t\t\t\t\t\t<div class=\"elementor-gallery-item__overlay\"><\/div>\n\t\t\t\t\t\t\t\t\t\t\t\t\t\t<\/a>\n\t\t\t\t\t\t\t<a class=\"e-gallery-item elementor-gallery-item elementor-animated-content\" href=\"https:\/\/acrj.org.br\/wp-content\/uploads\/2022\/03\/WhatsApp-Image-2022-03-29-at-20.33.58-1.jpeg\" data-elementor-open-lightbox=\"yes\" data-elementor-lightbox-slideshow=\"845c957\" data-elementor-lightbox-title=\"ACRJ recebe Sergio Moro durante almo\u00e7o com empres\u00e1rios\" data-e-action-hash=\"#elementor-action%3Aaction%3Dlightbox%26settings%3DeyJpZCI6MTEwODQsInVybCI6Imh0dHBzOlwvXC9hY3JqLm9yZy5iclwvd3AtY29udGVudFwvdXBsb2Fkc1wvMjAyMlwvMDNcL1doYXRzQXBwLUltYWdlLTIwMjItMDMtMjktYXQtMjAuMzMuNTgtMS5qcGVnIiwic2xpZGVzaG93IjoiODQ1Yzk1NyJ9\">\n\t\t\t\t\t<div class=\"e-gallery-image elementor-gallery-item__image\" data-thumbnail=\"https:\/\/acrj.org.br\/wp-content\/uploads\/2022\/03\/WhatsApp-Image-2022-03-29-at-20.33.58-1-300x200.jpeg\" data-width=\"300\" data-height=\"200\" aria-label=\"\" role=\"img\" ><\/div>\n\t\t\t\t\t\t\t\t\t\t\t<div class=\"elementor-gallery-item__overlay\"><\/div>\n\t\t\t\t\t\t\t\t\t\t\t\t\t\t<\/a>\n\t\t\t\t\t\t\t<a class=\"e-gallery-item elementor-gallery-item elementor-animated-content\" href=\"https:\/\/acrj.org.br\/wp-content\/uploads\/2022\/03\/WhatsApp-Image-2022-03-29-at-19.53.51.jpeg\" data-elementor-open-lightbox=\"yes\" data-elementor-lightbox-slideshow=\"845c957\" data-elementor-lightbox-title=\"ACRJ recebe Sergio Moro durante almo\u00e7o com empres\u00e1rios\" data-e-action-hash=\"#elementor-action%3Aaction%3Dlightbox%26settings%3DeyJpZCI6MTEwNzQsInVybCI6Imh0dHBzOlwvXC9hY3JqLm9yZy5iclwvd3AtY29udGVudFwvdXBsb2Fkc1wvMjAyMlwvMDNcL1doYXRzQXBwLUltYWdlLTIwMjItMDMtMjktYXQtMTkuNTMuNTEuanBlZyIsInNsaWRlc2hvdyI6Ijg0NWM5NTcifQ%3D%3D\">\n\t\t\t\t\t<div class=\"e-gallery-image elementor-gallery-item__image\" data-thumbnail=\"https:\/\/acrj.org.br\/wp-content\/uploads\/2022\/03\/WhatsApp-Image-2022-03-29-at-19.53.51-300x200.jpeg\" data-width=\"300\" data-height=\"200\" aria-label=\"\" role=\"img\" ><\/div>\n\t\t\t\t\t\t\t\t\t\t\t<div class=\"elementor-gallery-item__overlay\"><\/div>\n\t\t\t\t\t\t\t\t\t\t\t\t\t\t<\/a>\n\t\t\t\t\t\t\t<a class=\"e-gallery-item elementor-gallery-item elementor-animated-content\" href=\"https:\/\/acrj.org.br\/wp-content\/uploads\/2022\/03\/WhatsApp-Image-2022-03-29-at-20.33.58.jpeg\" data-elementor-open-lightbox=\"yes\" data-elementor-lightbox-slideshow=\"845c957\" data-elementor-lightbox-title=\"ACRJ recebe Sergio Moro durante almo\u00e7o com empres\u00e1rios\" data-e-action-hash=\"#elementor-action%3Aaction%3Dlightbox%26settings%3DeyJpZCI6MTEwODUsInVybCI6Imh0dHBzOlwvXC9hY3JqLm9yZy5iclwvd3AtY29udGVudFwvdXBsb2Fkc1wvMjAyMlwvMDNcL1doYXRzQXBwLUltYWdlLTIwMjItMDMtMjktYXQtMjAuMzMuNTguanBlZyIsInNsaWRlc2hvdyI6Ijg0NWM5NTcifQ%3D%3D\">\n\t\t\t\t\t<div class=\"e-gallery-image elementor-gallery-item__image\" data-thumbnail=\"https:\/\/acrj.org.br\/wp-content\/uploads\/2022\/03\/WhatsApp-Image-2022-03-29-at-20.33.58-300x200.jpeg\" data-width=\"300\" data-height=\"200\" aria-label=\"\" role=\"img\" ><\/div>\n\t\t\t\t\t\t\t\t\t\t\t<div class=\"elementor-gallery-item__overlay\"><\/div>\n\t\t\t\t\t\t\t\t\t\t\t\t\t\t<\/a>\n\t\t\t\t\t\t\t<a class=\"e-gallery-item elementor-gallery-item elementor-animated-content\" href=\"https:\/\/acrj.org.br\/wp-content\/uploads\/2022\/03\/WhatsApp-Image-2022-03-29-at-19.55.06.jpeg\" data-elementor-open-lightbox=\"yes\" data-elementor-lightbox-slideshow=\"845c957\" data-elementor-lightbox-title=\"ACRJ recebe Sergio Moro durante almo\u00e7o com empres\u00e1rios\" data-e-action-hash=\"#elementor-action%3Aaction%3Dlightbox%26settings%3DeyJpZCI6MTEwNzUsInVybCI6Imh0dHBzOlwvXC9hY3JqLm9yZy5iclwvd3AtY29udGVudFwvdXBsb2Fkc1wvMjAyMlwvMDNcL1doYXRzQXBwLUltYWdlLTIwMjItMDMtMjktYXQtMTkuNTUuMDYuanBlZyIsInNsaWRlc2hvdyI6Ijg0NWM5NTcifQ%3D%3D\">\n\t\t\t\t\t<div class=\"e-gallery-image elementor-gallery-item__image\" data-thumbnail=\"https:\/\/acrj.org.br\/wp-content\/uploads\/2022\/03\/WhatsApp-Image-2022-03-29-at-19.55.06-300x200.jpeg\" data-width=\"300\" data-height=\"200\" aria-label=\"\" role=\"img\" ><\/div>\n\t\t\t\t\t\t\t\t\t\t\t<div class=\"elementor-gallery-item__overlay\"><\/div>\n\t\t\t\t\t\t\t\t\t\t\t\t\t\t<\/a>\n\t\t\t\t\t\t\t<a class=\"e-gallery-item elementor-gallery-item elementor-animated-content\" href=\"https:\/\/acrj.org.br\/wp-content\/uploads\/2022\/03\/WhatsApp-Image-2022-03-29-at-20.35.42.jpeg\" data-elementor-open-lightbox=\"yes\" data-elementor-lightbox-slideshow=\"845c957\" data-elementor-lightbox-title=\"ACRJ recebe Sergio Moro durante almo\u00e7o com empres\u00e1rios\" data-e-action-hash=\"#elementor-action%3Aaction%3Dlightbox%26settings%3DeyJpZCI6MTEwODcsInVybCI6Imh0dHBzOlwvXC9hY3JqLm9yZy5iclwvd3AtY29udGVudFwvdXBsb2Fkc1wvMjAyMlwvMDNcL1doYXRzQXBwLUltYWdlLTIwMjItMDMtMjktYXQtMjAuMzUuNDIuanBlZyIsInNsaWRlc2hvdyI6Ijg0NWM5NTcifQ%3D%3D\">\n\t\t\t\t\t<div class=\"e-gallery-image elementor-gallery-item__image\" data-thumbnail=\"https:\/\/acrj.org.br\/wp-content\/uploads\/2022\/03\/WhatsApp-Image-2022-03-29-at-20.35.42-300x200.jpeg\" data-width=\"300\" data-height=\"200\" aria-label=\"\" role=\"img\" ><\/div>\n\t\t\t\t\t\t\t\t\t\t\t<div class=\"elementor-gallery-item__overlay\"><\/div>\n\t\t\t\t\t\t\t\t\t\t\t\t\t\t<\/a>\n\t\t\t\t\t\t\t<a class=\"e-gallery-item elementor-gallery-item elementor-animated-content\" href=\"https:\/\/acrj.org.br\/wp-content\/uploads\/2022\/03\/WhatsApp-Image-2022-03-29-at-20.37.19.jpeg\" data-elementor-open-lightbox=\"yes\" data-elementor-lightbox-slideshow=\"845c957\" data-elementor-lightbox-title=\"ACRJ recebe Sergio Moro durante almo\u00e7o com empres\u00e1rios\" data-e-action-hash=\"#elementor-action%3Aaction%3Dlightbox%26settings%3DeyJpZCI6MTEwODgsInVybCI6Imh0dHBzOlwvXC9hY3JqLm9yZy5iclwvd3AtY29udGVudFwvdXBsb2Fkc1wvMjAyMlwvMDNcL1doYXRzQXBwLUltYWdlLTIwMjItMDMtMjktYXQtMjAuMzcuMTkuanBlZyIsInNsaWRlc2hvdyI6Ijg0NWM5NTcifQ%3D%3D\">\n\t\t\t\t\t<div class=\"e-gallery-image elementor-gallery-item__image\" data-thumbnail=\"https:\/\/acrj.org.br\/wp-content\/uploads\/2022\/03\/WhatsApp-Image-2022-03-29-at-20.37.19-300x200.jpeg\" data-width=\"300\" data-height=\"200\" aria-label=\"\" role=\"img\" ><\/div>\n\t\t\t\t\t\t\t\t\t\t\t<div class=\"elementor-gallery-item__overlay\"><\/div>\n\t\t\t\t\t\t\t\t\t\t\t\t\t\t<\/a>\n\t\t\t\t\t\t\t<a class=\"e-gallery-item elementor-gallery-item elementor-animated-content\" href=\"https:\/\/acrj.org.br\/wp-content\/uploads\/2022\/03\/WhatsApp-Image-2022-03-29-at-19.56.12.jpeg\" data-elementor-open-lightbox=\"yes\" data-elementor-lightbox-slideshow=\"845c957\" data-elementor-lightbox-title=\"ACRJ recebe Sergio Moro durante almo\u00e7o com empres\u00e1rios\" data-e-action-hash=\"#elementor-action%3Aaction%3Dlightbox%26settings%3DeyJpZCI6MTEwNzcsInVybCI6Imh0dHBzOlwvXC9hY3JqLm9yZy5iclwvd3AtY29udGVudFwvdXBsb2Fkc1wvMjAyMlwvMDNcL1doYXRzQXBwLUltYWdlLTIwMjItMDMtMjktYXQtMTkuNTYuMTIuanBlZyIsInNsaWRlc2hvdyI6Ijg0NWM5NTcifQ%3D%3D\">\n\t\t\t\t\t<div class=\"e-gallery-image elementor-gallery-item__image\" data-thumbnail=\"https:\/\/acrj.org.br\/wp-content\/uploads\/2022\/03\/WhatsApp-Image-2022-03-29-at-19.56.12-300x200.jpeg\" data-width=\"300\" data-height=\"200\" aria-label=\"\" role=\"img\" ><\/div>\n\t\t\t\t\t\t\t\t\t\t\t<div class=\"elementor-gallery-item__overlay\"><\/div>\n\t\t\t\t\t\t\t\t\t\t\t\t\t\t<\/a>\n\t\t\t\t\t\t\t<a class=\"e-gallery-item elementor-gallery-item elementor-animated-content\" href=\"https:\/\/acrj.org.br\/wp-content\/uploads\/2022\/03\/WhatsApp-Image-2022-03-29-at-19.55.34.jpeg\" data-elementor-open-lightbox=\"yes\" data-elementor-lightbox-slideshow=\"845c957\" data-elementor-lightbox-title=\"ACRJ recebe Sergio Moro durante almo\u00e7o com empres\u00e1rios\" data-e-action-hash=\"#elementor-action%3Aaction%3Dlightbox%26settings%3DeyJpZCI6MTEwNzYsInVybCI6Imh0dHBzOlwvXC9hY3JqLm9yZy5iclwvd3AtY29udGVudFwvdXBsb2Fkc1wvMjAyMlwvMDNcL1doYXRzQXBwLUltYWdlLTIwMjItMDMtMjktYXQtMTkuNTUuMzQuanBlZyIsInNsaWRlc2hvdyI6Ijg0NWM5NTcifQ%3D%3D\">\n\t\t\t\t\t<div class=\"e-gallery-image elementor-gallery-item__image\" data-thumbnail=\"https:\/\/acrj.org.br\/wp-content\/uploads\/2022\/03\/WhatsApp-Image-2022-03-29-at-19.55.34-300x200.jpeg\" data-width=\"300\" data-height=\"200\" aria-label=\"\" role=\"img\" ><\/div>\n\t\t\t\t\t\t\t\t\t\t\t<div class=\"elementor-gallery-item__overlay\"><\/div>\n\t\t\t\t\t\t\t\t\t\t\t\t\t\t<\/a>\n\t\t\t\t\t\t\t<a class=\"e-gallery-item elementor-gallery-item elementor-animated-content\" href=\"https:\/\/acrj.org.br\/wp-content\/uploads\/2022\/03\/WhatsApp-Image-2022-03-29-at-19.57.06.jpeg\" data-elementor-open-lightbox=\"yes\" data-elementor-lightbox-slideshow=\"845c957\" data-elementor-lightbox-title=\"ACRJ recebe Sergio Moro durante almo\u00e7o com empres\u00e1rios\" data-e-action-hash=\"#elementor-action%3Aaction%3Dlightbox%26settings%3DeyJpZCI6MTEwNzEsInVybCI6Imh0dHBzOlwvXC9hY3JqLm9yZy5iclwvd3AtY29udGVudFwvdXBsb2Fkc1wvMjAyMlwvMDNcL1doYXRzQXBwLUltYWdlLTIwMjItMDMtMjktYXQtMTkuNTcuMDYuanBlZyIsInNsaWRlc2hvdyI6Ijg0NWM5NTcifQ%3D%3D\">\n\t\t\t\t\t<div class=\"e-gallery-image elementor-gallery-item__image\" data-thumbnail=\"https:\/\/acrj.org.br\/wp-content\/uploads\/2022\/03\/WhatsApp-Image-2022-03-29-at-19.57.06-300x200.jpeg\" data-width=\"300\" data-height=\"200\" aria-label=\"\" role=\"img\" ><\/div>\n\t\t\t\t\t\t\t\t\t\t\t<div class=\"elementor-gallery-item__overlay\"><\/div>\n\t\t\t\t\t\t\t\t\t\t\t\t\t\t<\/a>\n\t\t\t\t\t<\/div>\n\t\t\t\t\t<\/div>\n\t\t\t\t<\/div>\n\t\t\t\t\t<\/div>\n\t\t<\/div>\n\t\t\t\t\t<\/div>\n\t\t<\/section>\n\t\t\t\t<\/div>\n\t\t","protected":false},"excerpt":{"rendered":"<p>O tradicional Almo\u00e7o do Empres\u00e1rio, evento realizado pela Associa\u00e7\u00e3o Comercial do Rio de Janeiro, recebeu no dia 29 de mar\u00e7o o ex-juiz e pr\u00e9-candidato \u00e0&hellip;<\/p>\n","protected":false},"author":3,"featured_media":11072,"comment_status":"closed","ping_status":"open","sticky":false,"template":"","format":"standard","meta":{"_exactmetrics_skip_tracking":false,"_exactmetrics_sitenote_active":false,"_exactmetrics_sitenote_note":"","_exactmetrics_sitenote_category":0,"footnotes":""},"categories":[6],"tags":[],"class_list":["post-11066","post","type-post","status-publish","format-standard","has-post-thumbnail","hentry","category-destaque_noticias"],"_links":{"self":[{"href":"https:\/\/acrj.org.br\/index.php\/wp-json\/wp\/v2\/posts\/11066","targetHints":{"allow":["GET"]}}],"collection":[{"href":"https:\/\/acrj.org.br\/index.php\/wp-json\/wp\/v2\/posts"}],"about":[{"href":"https:\/\/acrj.org.br\/index.php\/wp-json\/wp\/v2\/types\/post"}],"author":[{"embeddable":true,"href":"https:\/\/acrj.org.br\/index.php\/wp-json\/wp\/v2\/users\/3"}],"replies":[{"embeddable":true,"href":"https:\/\/acrj.org.br\/index.php\/wp-json\/wp\/v2\/comments?post=11066"}],"version-history":[{"count":0,"href":"https:\/\/acrj.org.br\/index.php\/wp-json\/wp\/v2\/posts\/11066\/revisions"}],"wp:featuredmedia":[{"embeddable":true,"href":"https:\/\/acrj.org.br\/index.php\/wp-json\/wp\/v2\/media\/11072"}],"wp:attachment":[{"href":"https:\/\/acrj.org.br\/index.php\/wp-json\/wp\/v2\/media?parent=11066"}],"wp:term":[{"taxonomy":"category","embeddable":true,"href":"https:\/\/acrj.org.br\/index.php\/wp-json\/wp\/v2\/categories?post=11066"},{"taxonomy":"post_tag","embeddable":true,"href":"https:\/\/acrj.org.br\/index.php\/wp-json\/wp\/v2\/tags?post=11066"}],"curies":[{"name":"wp","href":"https:\/\/api.w.org\/{rel}","templated":true}]}}