{"id":11016,"date":"2022-03-23T14:09:36","date_gmt":"2022-03-23T17:09:36","guid":{"rendered":"https:\/\/acrj.org.br\/?p=11016"},"modified":"2022-03-23T14:09:37","modified_gmt":"2022-03-23T17:09:37","slug":"a-empresaria-luiza-helena-trajano-participa-de-evento-promovido-pela-acrj","status":"publish","type":"post","link":"https:\/\/acrj.org.br\/index.php\/2022\/03\/23\/a-empresaria-luiza-helena-trajano-participa-de-evento-promovido-pela-acrj\/","title":{"rendered":"A empres\u00e1ria Luiza Helena Trajano participa de evento promovido pela ACRJ"},"content":{"rendered":"\n<p>A ACRJ recebe, dia 30, a empres\u00e1ria Luiza Helena Trajano, presidente do Conselho de Administra\u00e7\u00e3o do Magazine Luiza, que far\u00e1 uma palestra encerrando as comemora\u00e7\u00f5es do M\u00eas da Mulher. O evento contar\u00e1 com a participa\u00e7\u00e3o de cerca de 300 convidados, em sua maioria mulheres que se destacam na luta contra a discrimina\u00e7\u00e3o de g\u00eanero e no empreendedorismo feminino.<\/p>\n\n\n\n<p>\u201c\u00c9 muito importante que mais e mais eventos como esse aconte\u00e7am para dar voz \u00e0s mulheres e, juntos, mulheres e homens, pensarmos em solu\u00e7\u00f5es de igualdade de g\u00eanero\u201d, destacou Luiza Helena Trajano.<\/p>\n\n\n\n<p>De acordo com o presidente da ACRJ, Jos\u00e9 Ant\u00f4nio do Nascimento Brito, o evento vai reunir \u00edcones da sociedade e do mercado empreendedor de alguma forma envolvidos com as quest\u00f5es de igualdade de g\u00eanero. \u201cEstaremos com mulheres que lutam por direitos iguais e que se destacam no dia a dia como empreendedoras, para juntos debatermos caminhos e solu\u00e7\u00f5es que possam ser adotadas pelos governantes para vencermos a barreira do preconceito e darmos oportunidades para que cada vez mais mulheres cres\u00e7am profissional, econ\u00f4mica e socialmente\u201d, afirmou.<\/p>\n","protected":false},"excerpt":{"rendered":"<p>A ACRJ recebe, dia 30, a empres\u00e1ria Luiza Helena Trajano, presidente do Conselho de Administra\u00e7\u00e3o do Magazine Luiza, que far\u00e1 uma palestra encerrando as comemora\u00e7\u00f5es&hellip;<\/p>\n","protected":false},"author":3,"featured_media":11017,"comment_status":"closed","ping_status":"open","sticky":false,"template":"","format":"standard","meta":{"_exactmetrics_skip_tracking":false,"_exactmetrics_sitenote_active":false,"_exactmetrics_sitenote_note":"","_exactmetrics_sitenote_category":0,"footnotes":""},"categories":[6],"tags":[],"class_list":["post-11016","post","type-post","status-publish","format-standard","has-post-thumbnail","hentry","category-destaque_noticias"],"_links":{"self":[{"href":"https:\/\/acrj.org.br\/index.php\/wp-json\/wp\/v2\/posts\/11016","targetHints":{"allow":["GET"]}}],"collection":[{"href":"https:\/\/acrj.org.br\/index.php\/wp-json\/wp\/v2\/posts"}],"about":[{"href":"https:\/\/acrj.org.br\/index.php\/wp-json\/wp\/v2\/types\/post"}],"author":[{"embeddable":true,"href":"https:\/\/acrj.org.br\/index.php\/wp-json\/wp\/v2\/users\/3"}],"replies":[{"embeddable":true,"href":"https:\/\/acrj.org.br\/index.php\/wp-json\/wp\/v2\/comments?post=11016"}],"version-history":[{"count":0,"href":"https:\/\/acrj.org.br\/index.php\/wp-json\/wp\/v2\/posts\/11016\/revisions"}],"wp:featuredmedia":[{"embeddable":true,"href":"https:\/\/acrj.org.br\/index.php\/wp-json\/wp\/v2\/media\/11017"}],"wp:attachment":[{"href":"https:\/\/acrj.org.br\/index.php\/wp-json\/wp\/v2\/media?parent=11016"}],"wp:term":[{"taxonomy":"category","embeddable":true,"href":"https:\/\/acrj.org.br\/index.php\/wp-json\/wp\/v2\/categories?post=11016"},{"taxonomy":"post_tag","embeddable":true,"href":"https:\/\/acrj.org.br\/index.php\/wp-json\/wp\/v2\/tags?post=11016"}],"curies":[{"name":"wp","href":"https:\/\/api.w.org\/{rel}","templated":true}]}}