{"id":11007,"date":"2022-03-23T10:02:00","date_gmt":"2022-03-23T13:02:00","guid":{"rendered":"https:\/\/acrj.org.br\/?p=11007"},"modified":"2022-03-25T14:45:21","modified_gmt":"2022-03-25T17:45:21","slug":"acrj-aerj-e-firjan-promovem-palestra-sobre-implantacao-do-5g-no-rio-de-janeiro","status":"publish","type":"post","link":"https:\/\/acrj.org.br\/index.php\/2022\/03\/23\/acrj-aerj-e-firjan-promovem-palestra-sobre-implantacao-do-5g-no-rio-de-janeiro\/","title":{"rendered":"ACRJ, AERJ e Firjan promovem palestra sobre implanta\u00e7\u00e3o do 5G no Rio"},"content":{"rendered":"\n<p>A Associa\u00e7\u00e3o Comercial do Rio de Janeiro (ACRJ), a Associa\u00e7\u00e3o das Emissoras de R\u00e1dio e Televis\u00e3o do Estado do Rio de Janeiro (AERJ) e a Federa\u00e7\u00e3o das Ind\u00fastrias do Estado do Rio de Janeiro (Firjan) realizar\u00e3o, no dia 24\/3, \u00e0s 15h, a palestra de abertura do grupo de trabalho que discutir\u00e1 a implanta\u00e7\u00e3o do 5G no Estado.<br>O palestrante convidado \u00e9 o superintendente de Outorgas e Recursos \u00e0 Presta\u00e7\u00e3o da ANATEL, Vinicius Oliveira Caram Guimar\u00e3es. A transmiss\u00e3o acontece via Zoom.<br>Para participar do evento, \u00e9 necess\u00e1rio confirmar presen\u00e7a antecipadamente pelo link: <a href=\"ttps:\/\/us06web.zoom.us\/meeting\/register\/tZYufu-tqjgrGNb3auhrU7JV_nPy6Qg0IM1w\">ttps:\/\/us06web.zoom.us\/meeting\/register\/tZYufu-tqjgrGNb3auhrU7JV_nPy6Qg0IM1w<\/a><\/p>\n\n\n\n<p><\/p>\n\n\n\n<p><\/p>\n\n\n\n<p><\/p>\n","protected":false},"excerpt":{"rendered":"<p>A Associa\u00e7\u00e3o Comercial do Rio de Janeiro (ACRJ), a Associa\u00e7\u00e3o das Emissoras de R\u00e1dio e Televis\u00e3o do Estado do Rio de Janeiro (AERJ) e a&hellip;<\/p>\n","protected":false},"author":3,"featured_media":11011,"comment_status":"closed","ping_status":"closed","sticky":false,"template":"","format":"standard","meta":{"_exactmetrics_skip_tracking":false,"_exactmetrics_sitenote_active":false,"_exactmetrics_sitenote_note":"","_exactmetrics_sitenote_category":0,"footnotes":""},"categories":[10],"tags":[],"class_list":["post-11007","post","type-post","status-publish","format-standard","has-post-thumbnail","hentry","category-noticias"],"_links":{"self":[{"href":"https:\/\/acrj.org.br\/index.php\/wp-json\/wp\/v2\/posts\/11007","targetHints":{"allow":["GET"]}}],"collection":[{"href":"https:\/\/acrj.org.br\/index.php\/wp-json\/wp\/v2\/posts"}],"about":[{"href":"https:\/\/acrj.org.br\/index.php\/wp-json\/wp\/v2\/types\/post"}],"author":[{"embeddable":true,"href":"https:\/\/acrj.org.br\/index.php\/wp-json\/wp\/v2\/users\/3"}],"replies":[{"embeddable":true,"href":"https:\/\/acrj.org.br\/index.php\/wp-json\/wp\/v2\/comments?post=11007"}],"version-history":[{"count":0,"href":"https:\/\/acrj.org.br\/index.php\/wp-json\/wp\/v2\/posts\/11007\/revisions"}],"wp:featuredmedia":[{"embeddable":true,"href":"https:\/\/acrj.org.br\/index.php\/wp-json\/wp\/v2\/media\/11011"}],"wp:attachment":[{"href":"https:\/\/acrj.org.br\/index.php\/wp-json\/wp\/v2\/media?parent=11007"}],"wp:term":[{"taxonomy":"category","embeddable":true,"href":"https:\/\/acrj.org.br\/index.php\/wp-json\/wp\/v2\/categories?post=11007"},{"taxonomy":"post_tag","embeddable":true,"href":"https:\/\/acrj.org.br\/index.php\/wp-json\/wp\/v2\/tags?post=11007"}],"curies":[{"name":"wp","href":"https:\/\/api.w.org\/{rel}","templated":true}]}}