{"id":10993,"date":"2022-03-23T10:54:07","date_gmt":"2022-03-23T13:54:07","guid":{"rendered":"https:\/\/acrj.org.br\/?p=10993"},"modified":"2022-03-23T11:04:51","modified_gmt":"2022-03-23T14:04:51","slug":"conselheiros-da-acrj-comentam-sobre-sistema-nacional-de-educacao","status":"publish","type":"post","link":"https:\/\/acrj.org.br\/index.php\/2022\/03\/23\/conselheiros-da-acrj-comentam-sobre-sistema-nacional-de-educacao\/","title":{"rendered":"Conselheiros da ACRJ comentam sobre Sistema Nacional de Educa\u00e7\u00e3o"},"content":{"rendered":"\t\t<div data-elementor-type=\"wp-post\" data-elementor-id=\"10993\" class=\"elementor elementor-10993\" data-elementor-post-type=\"post\">\n\t\t\t\t\t\t<section class=\"elementor-section elementor-top-section elementor-element elementor-element-61969b75 elementor-section-boxed elementor-section-height-default elementor-section-height-default\" data-id=\"61969b75\" data-element_type=\"section\" data-e-type=\"section\">\n\t\t\t\t\t\t<div class=\"elementor-container elementor-column-gap-default\">\n\t\t\t\t\t<div class=\"elementor-column elementor-col-100 elementor-top-column elementor-element elementor-element-69b0b966\" data-id=\"69b0b966\" data-element_type=\"column\" data-e-type=\"column\">\n\t\t\t<div class=\"elementor-widget-wrap elementor-element-populated\">\n\t\t\t\t\t\t<div class=\"elementor-element elementor-element-3c685f0 elementor-widget elementor-widget-text-editor\" data-id=\"3c685f0\" data-element_type=\"widget\" data-e-type=\"widget\" data-widget_type=\"text-editor.default\">\n\t\t\t\t<div class=\"elementor-widget-container\">\n\t\t\t\t\t\t\t\t\t\n<p>O Conselho Empresarial de Educa\u00e7\u00e3o da Associa\u00e7\u00e3o Comercial do Rio de Janeiro se reuniu online, dia 22 de mar\u00e7o, e debateu sobre v\u00e1rios temas. Entre eles, a aprova\u00e7\u00e3o, pelo Senado, do Projeto de Lei Complementar (235\/2019), que institui o Sistema Nacional de Educa\u00e7\u00e3o (SNE).<\/p>\n\n\n\n<p>Conforme o texto do projeto, o SNE visa possibilitar a \u201cintegra\u00e7\u00e3o de pol\u00edticas e a\u00e7\u00f5es educacionais da Uni\u00e3o, Estados, Munic\u00edpios e Distrito Federal\u201d. Tem entre seus objetivos \u201ca universaliza\u00e7\u00e3o do acesso \u00e0 educa\u00e7\u00e3o b\u00e1sica de qualidade, garantia de infraestrutura adequada para as escolas p\u00fablicas e o cumprimento do piso salarial profissional nacional para o magist\u00e9rio p\u00fablico da educa\u00e7\u00e3o b\u00e1sica\u201d.<\/p>\n\n\n\n<p>A conselheira Claudia Costin acredita que nos pr\u00f3ximos dois meses o projeto ser\u00e1 apreciado pela C\u00e2mara de Deputados, ou seja, antes do per\u00edodo eleitoral. \u201cA aprova\u00e7\u00e3o do Sistema Nacional de Educa\u00e7\u00e3o (SUE), o SUS da Educa\u00e7\u00e3o, foi um avan\u00e7o importante. H\u00e1 muito que era preciso acontecer. Temos Estado e Munic\u00edpio competindo na mesma cidade. Durante a Covid, o processo seria facilitado se houvesse uma articula\u00e7\u00e3o entre eles. Com o Sistema tende acontecer essa intera\u00e7\u00e3o\u201d, destacou.<\/p>\n\n\n\n<p>Durante a reuni\u00e3o, sob a coordena\u00e7\u00e3o do presidente do Conselho, Paulo Milet, a conselheira Sylvia Meireles apresentou a plataforma \u201cPlaynwhere\u201d, que disponibiliza ferramentas para a cria\u00e7\u00e3o de gamifica\u00e7\u00e3o do treinamento. Ela explicou que os games facilitam o treinamento de forma \u00e1gil e pr\u00e1tico, al\u00e9m de criar estrat\u00e9gias engajadoras. \u201cO Playnwhere \u00e9 100% online, gratuito possui conte\u00fado em diversos formatos. H\u00e1 tamb\u00e9m a vers\u00e3o que n\u00e3o \u00e9 free e que se consegue personalizar\u201d, adiantou.<\/p>\n\n\n\n<p>O Conselheiro Vinicius Canedo apresentou o Col\u00e9gio MOPI, do qual \u00e9 s\u00f3cio-diretor, e o SINEPE Rio (Sindicato das Escolas Particulares), do qual \u00e9 representante junto ao Conselho. Foi apresentada tamb\u00e9m a nova conselheira Ruth Espinola de Melo, do IAG PUC e ESDI-UERJ. No fim do encontro, Paulo Milet informou que teve reuni\u00e3o com o presidente da ACRJ, Jos\u00e9 Antonio do Nascimento Brito, e exp\u00f4s a ideia do Portal de Educa\u00e7\u00e3o da Associa\u00e7\u00e3o Comercial, que foi bem recebida e ser\u00e1 objeto de proposta para a diretoria em breve.<\/p>\n\t\t\t\t\t\t\t\t<\/div>\n\t\t\t\t<\/div>\n\t\t\t\t<div class=\"elementor-element elementor-element-e4128dd elementor-widget elementor-widget-gallery\" data-id=\"e4128dd\" data-element_type=\"widget\" data-e-type=\"widget\" data-settings=\"{&quot;columns&quot;:3,&quot;lazyload&quot;:&quot;yes&quot;,&quot;gallery_layout&quot;:&quot;grid&quot;,&quot;columns_tablet&quot;:2,&quot;columns_mobile&quot;:1,&quot;gap&quot;:{&quot;unit&quot;:&quot;px&quot;,&quot;size&quot;:10,&quot;sizes&quot;:[]},&quot;gap_tablet&quot;:{&quot;unit&quot;:&quot;px&quot;,&quot;size&quot;:10,&quot;sizes&quot;:[]},&quot;gap_mobile&quot;:{&quot;unit&quot;:&quot;px&quot;,&quot;size&quot;:10,&quot;sizes&quot;:[]},&quot;link_to&quot;:&quot;file&quot;,&quot;aspect_ratio&quot;:&quot;3:2&quot;,&quot;overlay_background&quot;:&quot;yes&quot;,&quot;content_hover_animation&quot;:&quot;fade-in&quot;}\" data-widget_type=\"gallery.default\">\n\t\t\t\t<div class=\"elementor-widget-container\">\n\t\t\t\t\t\t\t<div class=\"elementor-gallery__container\">\n\t\t\t\t\t\t\t<a class=\"e-gallery-item elementor-gallery-item elementor-animated-content\" href=\"https:\/\/acrj.org.br\/wp-content\/uploads\/2022\/03\/WhatsApp-Image-2022-03-23-at-10.56.32.jpeg\" data-elementor-open-lightbox=\"yes\" data-elementor-lightbox-slideshow=\"e4128dd\" data-elementor-lightbox-title=\"Conselheiros da ACRJ comentam sobre Sistema Nacional de Educa\u00e7\u00e3o\" data-e-action-hash=\"#elementor-action%3Aaction%3Dlightbox%26settings%3DeyJpZCI6MTA5OTgsInVybCI6Imh0dHBzOlwvXC9hY3JqLm9yZy5iclwvd3AtY29udGVudFwvdXBsb2Fkc1wvMjAyMlwvMDNcL1doYXRzQXBwLUltYWdlLTIwMjItMDMtMjMtYXQtMTAuNTYuMzIuanBlZyIsInNsaWRlc2hvdyI6ImU0MTI4ZGQifQ%3D%3D\">\n\t\t\t\t\t<div class=\"e-gallery-image elementor-gallery-item__image\" data-thumbnail=\"https:\/\/acrj.org.br\/wp-content\/uploads\/2022\/03\/WhatsApp-Image-2022-03-23-at-10.56.32.jpeg\" data-width=\"915\" data-height=\"517\" aria-label=\"\" role=\"img\" ><\/div>\n\t\t\t\t\t\t\t\t\t\t\t<div class=\"elementor-gallery-item__overlay\"><\/div>\n\t\t\t\t\t\t\t\t\t\t\t\t\t\t<\/a>\n\t\t\t\t\t<\/div>\n\t\t\t\t\t<\/div>\n\t\t\t\t<\/div>\n\t\t\t\t\t<\/div>\n\t\t<\/div>\n\t\t\t\t\t<\/div>\n\t\t<\/section>\n\t\t\t\t<\/div>\n\t\t","protected":false},"excerpt":{"rendered":"<p>O Conselho Empresarial de Educa\u00e7\u00e3o da Associa\u00e7\u00e3o Comercial do Rio de Janeiro se reuniu online, dia 22 de mar\u00e7o, e debateu sobre v\u00e1rios temas. Entre&hellip;<\/p>\n","protected":false},"author":1,"featured_media":10996,"comment_status":"closed","ping_status":"closed","sticky":false,"template":"","format":"standard","meta":{"_exactmetrics_skip_tracking":false,"_exactmetrics_sitenote_active":false,"_exactmetrics_sitenote_note":"","_exactmetrics_sitenote_category":0,"footnotes":""},"categories":[10],"tags":[],"class_list":["post-10993","post","type-post","status-publish","format-standard","has-post-thumbnail","hentry","category-noticias"],"_links":{"self":[{"href":"https:\/\/acrj.org.br\/index.php\/wp-json\/wp\/v2\/posts\/10993","targetHints":{"allow":["GET"]}}],"collection":[{"href":"https:\/\/acrj.org.br\/index.php\/wp-json\/wp\/v2\/posts"}],"about":[{"href":"https:\/\/acrj.org.br\/index.php\/wp-json\/wp\/v2\/types\/post"}],"author":[{"embeddable":true,"href":"https:\/\/acrj.org.br\/index.php\/wp-json\/wp\/v2\/users\/1"}],"replies":[{"embeddable":true,"href":"https:\/\/acrj.org.br\/index.php\/wp-json\/wp\/v2\/comments?post=10993"}],"version-history":[{"count":0,"href":"https:\/\/acrj.org.br\/index.php\/wp-json\/wp\/v2\/posts\/10993\/revisions"}],"wp:featuredmedia":[{"embeddable":true,"href":"https:\/\/acrj.org.br\/index.php\/wp-json\/wp\/v2\/media\/10996"}],"wp:attachment":[{"href":"https:\/\/acrj.org.br\/index.php\/wp-json\/wp\/v2\/media?parent=10993"}],"wp:term":[{"taxonomy":"category","embeddable":true,"href":"https:\/\/acrj.org.br\/index.php\/wp-json\/wp\/v2\/categories?post=10993"},{"taxonomy":"post_tag","embeddable":true,"href":"https:\/\/acrj.org.br\/index.php\/wp-json\/wp\/v2\/tags?post=10993"}],"curies":[{"name":"wp","href":"https:\/\/api.w.org\/{rel}","templated":true}]}}