{"id":10939,"date":"2022-03-16T12:58:53","date_gmt":"2022-03-16T15:58:53","guid":{"rendered":"https:\/\/acrj.org.br\/?p=10939"},"modified":"2022-03-16T13:10:16","modified_gmt":"2022-03-16T16:10:16","slug":"acrj-elogia-e-apoia-programa-dias-de-gloria-da-prefeitura","status":"publish","type":"post","link":"https:\/\/acrj.org.br\/index.php\/2022\/03\/16\/acrj-elogia-e-apoia-programa-dias-de-gloria-da-prefeitura\/","title":{"rendered":"ACRJ elogia e apoia programa Dias de Gl\u00f3ria, da Prefeitura"},"content":{"rendered":"\n<p>A Associa\u00e7\u00e3o Comercial do Rio de Janeiro elogiou o programa\u00a0<strong>Dias de Gl\u00f3ria<\/strong>, da Secretaria Municipal de Turismo, que vai promover a revitaliza\u00e7\u00e3o do bairro da Gl\u00f3ria, reformando seus monumentos e pontos tur\u00edsticos e instalando totens informativos. O bairro foi escolhido para iniciar o programa pela sua localiza\u00e7\u00e3o, hist\u00f3ria e por contar com grande patrim\u00f4nio cultural, como o Outeiro da Gl\u00f3ria.<\/p>\n\n\n\n<p>Para o presidente da ACRJ, Jos\u00e9 Antonio do Nascimento Brito, a iniciativa \u00e9 muito bem-vinda, especialmente neste momento de retomada do turismo no p\u00f3s-pandemia. \u201cA Gl\u00f3ria \u00e9 uma joia arquitet\u00f4nica da cidade, mas sempre ficou um pouco esquecida entre o Largo do Machado, Catete e o Centro da Cidade. Pela primeira vez em d\u00e9cadas, uma prefeitura se lembrou do bairro de uma maneira organizada\u201d, declarou Nascimento Brito.<\/p>\n\n\n\n<p>Leia a mat\u00e9ria <strong><a href=\"https:\/\/diariodorio.com\/prefeitura-apresenta-o-programa-dias-de-gloria-nesta-terca-feira\/\">aqui<\/a><\/strong><\/p>\n\n\n\n<p><\/p>\n","protected":false},"excerpt":{"rendered":"<p>A Associa\u00e7\u00e3o Comercial do Rio de Janeiro elogiou o programa\u00a0Dias de Gl\u00f3ria, da Secretaria Municipal de Turismo, que vai promover a revitaliza\u00e7\u00e3o do bairro da&hellip;<\/p>\n","protected":false},"author":3,"featured_media":10940,"comment_status":"closed","ping_status":"closed","sticky":false,"template":"","format":"standard","meta":{"_exactmetrics_skip_tracking":false,"_exactmetrics_sitenote_active":false,"_exactmetrics_sitenote_note":"","_exactmetrics_sitenote_category":0,"footnotes":""},"categories":[6],"tags":[],"class_list":["post-10939","post","type-post","status-publish","format-standard","has-post-thumbnail","hentry","category-destaque_noticias"],"_links":{"self":[{"href":"https:\/\/acrj.org.br\/index.php\/wp-json\/wp\/v2\/posts\/10939","targetHints":{"allow":["GET"]}}],"collection":[{"href":"https:\/\/acrj.org.br\/index.php\/wp-json\/wp\/v2\/posts"}],"about":[{"href":"https:\/\/acrj.org.br\/index.php\/wp-json\/wp\/v2\/types\/post"}],"author":[{"embeddable":true,"href":"https:\/\/acrj.org.br\/index.php\/wp-json\/wp\/v2\/users\/3"}],"replies":[{"embeddable":true,"href":"https:\/\/acrj.org.br\/index.php\/wp-json\/wp\/v2\/comments?post=10939"}],"version-history":[{"count":0,"href":"https:\/\/acrj.org.br\/index.php\/wp-json\/wp\/v2\/posts\/10939\/revisions"}],"wp:featuredmedia":[{"embeddable":true,"href":"https:\/\/acrj.org.br\/index.php\/wp-json\/wp\/v2\/media\/10940"}],"wp:attachment":[{"href":"https:\/\/acrj.org.br\/index.php\/wp-json\/wp\/v2\/media?parent=10939"}],"wp:term":[{"taxonomy":"category","embeddable":true,"href":"https:\/\/acrj.org.br\/index.php\/wp-json\/wp\/v2\/categories?post=10939"},{"taxonomy":"post_tag","embeddable":true,"href":"https:\/\/acrj.org.br\/index.php\/wp-json\/wp\/v2\/tags?post=10939"}],"curies":[{"name":"wp","href":"https:\/\/api.w.org\/{rel}","templated":true}]}}