{"id":10925,"date":"2022-03-14T17:03:22","date_gmt":"2022-03-14T20:03:22","guid":{"rendered":"https:\/\/acrj.org.br\/?p=10925"},"modified":"2022-03-14T17:35:42","modified_gmt":"2022-03-14T20:35:42","slug":"secretario-chicao-bulhoes-participa-de-seminario-sobre-a-crise-dos-bares-e-restaurantes-na-acrj","status":"publish","type":"post","link":"https:\/\/acrj.org.br\/index.php\/2022\/03\/14\/secretario-chicao-bulhoes-participa-de-seminario-sobre-a-crise-dos-bares-e-restaurantes-na-acrj\/","title":{"rendered":"Secret\u00e1rio Chic\u00e3o Bulh\u00f5es participa de semin\u00e1rio sobre a crise dos bares e restaurantes na ACRJ"},"content":{"rendered":"\n<p>A <strong>\u201cCrise dos Bares e Restaurantes \u2013 Causas, consequ\u00eancias e poss\u00edveis solu\u00e7\u00f5es\u201d<\/strong> \u00e9 tema do semin\u00e1rio promovido, dia 17 de mar\u00e7o, \u00e0s 9h30, pelos Conselhos Empresariais de Turismo e Competitividade, Ambiente de Neg\u00f3cios e Agroneg\u00f3cio da ACRJ. O evento ser\u00e1 dividido em tr\u00eas pain\u00e9is, que tratam sobre a problem\u00e1tica enfrentada pelo segmento, as consequ\u00eancias da crise e sugest\u00f5es de solu\u00e7\u00f5es para o setor.<\/p>\n\n\n\n<p>Pesquisa realizada pela Abrasel (Associa\u00e7\u00e3o Brasileira de Bares e Restaurantes), entre os dias 21 de fevereiro e 3 de mar\u00e7o, mostra que no Rio de Janeiro 47% dos empres\u00e1rios do segmento tiveram queda no faturamento (maior do que a m\u00e9dia nacional, que foi de 43%) realizando preju\u00edzo em janeiro. J\u00e1 23% das empresas tiveram lucro (contra 26% em dez\/21) e 49% disseram ter faturamento menor em janeiro, na compara\u00e7\u00e3o com dezembro do ano passado.<\/p>\n\n\n\n<p>A abertura do semin\u00e1rio ser\u00e1 feita pelo presidente da Associa\u00e7\u00e3o Comercial, Jos\u00e9 Antonio Nascimento Brito, pelo vice-presidente dos Conselhos Empresariais da institui\u00e7\u00e3o, Alberto Blois, pela presidente do Conselho de Competitividade, Irini Tsouroutsoglou, e pelo VP do Conselho de Turismo, Vander Giordano.<\/p>\n\n\n\n<p>O primeiro painel ter\u00e1 como tema \u201cUm panorama sobre a problem\u00e1tica enfrentada pelo setor. Trazendo causas e problemas enfrentados\u201d, com os seguintes palestrantes: Vander Giordano, VP do Conselho de Turismo da ACRJ e Institucional da Multiplan; Pedro Hermeto, presidente Abrasel Rio (Associa\u00e7\u00e3o Brasileira de Bares e Restaurantes do RJ); do empres\u00e1rio Rigo Duarte, propriet\u00e1rio do tradicional restaurante Angu do Gomes, no Centro; e do vice-presidente da ACRJ, de Rela\u00e7\u00f5es com as Associa\u00e7\u00f5es Comerciais da Cidade do Rio, Ricardo Salles.<\/p>\n\n\n\n<p>O segundo painel vai tratar das \u201cConsequ\u00eancias dessa crise que vem sendo enfrentada\u201d e ser\u00e1 apresentado por Alberto Blois; Fernando Blower, presidente do Sindrio; Jackeline Maia, analista e gestora de projetos do Sebrae, do empres\u00e1rio Jo\u00e3o Diniz; Roque Maciel, propriet\u00e1rio restaurante P\u00e1reo; e do vereador Rafael Alu\u00edsio Freitas.<\/p>\n\n\n\n<p>O terceiro painel, sobre \u201cPoss\u00edveis solu\u00e7\u00f5es para o setor\u201d, ser\u00e1 composto por Irini Tsouroutsoglou; pelo secret\u00e1rio de Desenvolvimento Econ\u00f4mico, Inova\u00e7\u00e3o e Simplifica\u00e7\u00e3o do Munic\u00edpio do Rio de Janeiro, Chic\u00e3o Bulh\u00f5es; desembargador Marcelo Buhatem, do Tribunal de Justi\u00e7a do Rio de Janeiro e presidente da Andes (Associa\u00e7\u00e3o Nacional de Desembargadores); Luiz Roberto Ayoub, advogado, s\u00f3cio no Galdino &amp; Coelho Advogados e desembargador aposentado do TJRJ; e Louise Nogueira, gestora Estadual de Alimenta\u00e7\u00e3o do Sebrae Rio.<\/p>\n\n\n\n<p>O semin\u00e1rio ser\u00e1 h\u00edbrido, com transmiss\u00e3o pelo Canal ACRJ Divulga no Youtube. <strong><a href=\"https:\/\/www.youtube.com\/watch?v=UZgo_JjvRBo\">Acesse aqui<\/a><\/strong><\/p>\n\n\n\n<p><\/p>\n\n\n\n<figure class=\"wp-block-image size-large\"><img fetchpriority=\"high\" decoding=\"async\" width=\"417\" height=\"1024\" src=\"https:\/\/acrj.org.br\/wp-content\/uploads\/2022\/03\/seminario-bares-e-restaurantes-417x1024.jpeg\" alt=\"\" class=\"wp-image-10926\" srcset=\"https:\/\/acrj.org.br\/wp-content\/uploads\/2022\/03\/seminario-bares-e-restaurantes-417x1024.jpeg 417w, https:\/\/acrj.org.br\/wp-content\/uploads\/2022\/03\/seminario-bares-e-restaurantes-600x1474.jpeg 600w, https:\/\/acrj.org.br\/wp-content\/uploads\/2022\/03\/seminario-bares-e-restaurantes-122x300.jpeg 122w, https:\/\/acrj.org.br\/wp-content\/uploads\/2022\/03\/seminario-bares-e-restaurantes-625x1536.jpeg 625w, https:\/\/acrj.org.br\/wp-content\/uploads\/2022\/03\/seminario-bares-e-restaurantes.jpeg 651w\" sizes=\"(max-width: 417px) 100vw, 417px\" \/><\/figure>\n","protected":false},"excerpt":{"rendered":"<p>A \u201cCrise dos Bares e Restaurantes \u2013 Causas, consequ\u00eancias e poss\u00edveis solu\u00e7\u00f5es\u201d \u00e9 tema do semin\u00e1rio promovido, dia 17 de mar\u00e7o, \u00e0s 9h30, pelos Conselhos&hellip;<\/p>\n","protected":false},"author":3,"featured_media":10927,"comment_status":"closed","ping_status":"open","sticky":false,"template":"","format":"standard","meta":{"_exactmetrics_skip_tracking":false,"_exactmetrics_sitenote_active":false,"_exactmetrics_sitenote_note":"","_exactmetrics_sitenote_category":0,"footnotes":""},"categories":[6],"tags":[],"class_list":["post-10925","post","type-post","status-publish","format-standard","has-post-thumbnail","hentry","category-destaque_noticias"],"_links":{"self":[{"href":"https:\/\/acrj.org.br\/index.php\/wp-json\/wp\/v2\/posts\/10925","targetHints":{"allow":["GET"]}}],"collection":[{"href":"https:\/\/acrj.org.br\/index.php\/wp-json\/wp\/v2\/posts"}],"about":[{"href":"https:\/\/acrj.org.br\/index.php\/wp-json\/wp\/v2\/types\/post"}],"author":[{"embeddable":true,"href":"https:\/\/acrj.org.br\/index.php\/wp-json\/wp\/v2\/users\/3"}],"replies":[{"embeddable":true,"href":"https:\/\/acrj.org.br\/index.php\/wp-json\/wp\/v2\/comments?post=10925"}],"version-history":[{"count":0,"href":"https:\/\/acrj.org.br\/index.php\/wp-json\/wp\/v2\/posts\/10925\/revisions"}],"wp:featuredmedia":[{"embeddable":true,"href":"https:\/\/acrj.org.br\/index.php\/wp-json\/wp\/v2\/media\/10927"}],"wp:attachment":[{"href":"https:\/\/acrj.org.br\/index.php\/wp-json\/wp\/v2\/media?parent=10925"}],"wp:term":[{"taxonomy":"category","embeddable":true,"href":"https:\/\/acrj.org.br\/index.php\/wp-json\/wp\/v2\/categories?post=10925"},{"taxonomy":"post_tag","embeddable":true,"href":"https:\/\/acrj.org.br\/index.php\/wp-json\/wp\/v2\/tags?post=10925"}],"curies":[{"name":"wp","href":"https:\/\/api.w.org\/{rel}","templated":true}]}}