{"id":1092,"date":"2020-02-18T13:16:04","date_gmt":"2020-02-18T16:16:04","guid":{"rendered":"http:\/\/acrj2020.profissional.ws\/?p=1092"},"modified":"2020-03-02T20:15:16","modified_gmt":"2020-03-02T23:15:16","slug":"empresario-alfredo-lopes-e-conselheiros-tomam-posse-no-conselho-empresarial-de-turismo-da-acrj","status":"publish","type":"post","link":"https:\/\/acrj.org.br\/index.php\/2020\/02\/18\/empresario-alfredo-lopes-e-conselheiros-tomam-posse-no-conselho-empresarial-de-turismo-da-acrj\/","title":{"rendered":"Empres\u00e1rio Alfredo Lopes e conselheiros tomam posse no Conselho Empresarial de Turismo"},"content":{"rendered":"\t\t<div data-elementor-type=\"wp-post\" data-elementor-id=\"1092\" class=\"elementor elementor-1092\" data-elementor-post-type=\"post\">\n\t\t\t\t\t\t<section class=\"elementor-section elementor-top-section elementor-element elementor-element-1e449792 elementor-section-boxed elementor-section-height-default elementor-section-height-default\" data-id=\"1e449792\" data-element_type=\"section\" data-e-type=\"section\">\n\t\t\t\t\t\t<div class=\"elementor-container elementor-column-gap-default\">\n\t\t\t\t\t<div class=\"elementor-column elementor-col-100 elementor-top-column elementor-element elementor-element-10ebf2d\" data-id=\"10ebf2d\" data-element_type=\"column\" data-e-type=\"column\">\n\t\t\t<div class=\"elementor-widget-wrap elementor-element-populated\">\n\t\t\t\t\t\t<div class=\"elementor-element elementor-element-2acd0b44 elementor-widget elementor-widget-text-editor\" data-id=\"2acd0b44\" data-element_type=\"widget\" data-e-type=\"widget\" data-widget_type=\"text-editor.default\">\n\t\t\t\t<div class=\"elementor-widget-container\">\n\t\t\t\t\t\t\t\t\t\n<p>O novo presidente do Conselho Empresarial de Turismo da Associa\u00e7\u00e3o Comercial do Rio de Janeiro, Alfredo Lopes, tomou posse nesta segunda-feira, 17 de fevereiro, durante cerim\u00f4nia na ACRJ. Ele contar\u00e1 com 38 conselheiros, que tamb\u00e9m foram diplomados, para atuar no desenvolvimento do Rio de Janeiro a partir da promo\u00e7\u00e3o e integra\u00e7\u00e3o entre os diversos segmentos econ\u00f4micos que t\u00eam impacto direto no turismo.<\/p>\n\n\n\n<p>Durante o evento, Alfredo Lopes anunciou que trabalhar\u00e1, neste primeiro momento, com base em tr\u00eas pautas A primeira \u00e9 sobre a libera\u00e7\u00e3o dos jogos, no caso os cassinos, a segunda pela desburocratiza\u00e7\u00e3o do setor de eventos e a \u00faltima envolve a quest\u00e3o da \u201cinformalidade\u201d do airbnb. \u201cPretendemos abordar at\u00e9 maio essas tr\u00eas propostas relevantes para o turismo do Rio de Janeiro. Os jogos e a desburocratiza\u00e7\u00e3o s\u00e3o importantes para alavancar ainda mais o setor e atrair um maior n\u00famero de turistas. No que diz respeito ao airbnb, considero o camel\u00f4 da hotelaria, ou seja, n\u00e3o paga impostos e se desenvolve na informalidade\u201d, explicou.<\/p>\n\n\n\n<p>O empres\u00e1rio lembrou as dificuldades que o Rio come\u00e7ou a passar com as sucessivas crises ap\u00f3s os Jogos Ol\u00edmpicos de 2016 e ressaltou que assume o Conselho Empresarial para unir esfor\u00e7os e contribuir na recupera\u00e7\u00e3o da imagem da cidade e no crescimento de importantes neg\u00f3cios do Rio.<\/p>\n\n\n\n<p>A posse foi dada pelo vice-presidente de Rela\u00e7\u00f5es Institucionais e dos Conselhos Empresariais da ACRJ, Domingos Vargas. \u201cO Alfredo Lopes \u00e9 uma refer\u00eancia no setor de turismo e acreditamos que \u00e9 a pessoa certa para defender o Rio, sua imagem e ajudar no desenvolvimento do segmento, que gera emprego, renda e arrecada\u00e7\u00e3o para a nossa cidade e o nosso estado. Sabemos da import\u00e2ncia do turismo, do seu potencial hist\u00f3rico e do seu dinamismo. Por isso, contamos com Alfredo Lopes para ultrapassar os obst\u00e1culos nesse momento fundamental para o Rio\u201d, ressaltou Domingos Vargas.<\/p>\n\n\n\n<p><strong>Alfredo Lopes<\/strong><\/p>\n\n\n\n<p>O empres\u00e1rio tem carreira dedicada aos setores de Turismo, Hotelaria e Mercado Imobili\u00e1rio. Preside a Associa\u00e7\u00e3o Brasileira da Ind\u00fastria de Hot\u00e9is do Estado do Rio de Janeiro (ABIH-RJ), o Sindicato dos Meios de Hospedagem do Munic\u00edpio do Rio de Janeiro (SindHot\u00e9is-RJ) e a Associa\u00e7\u00e3o Comercial do Recreio. \u00c9 tamb\u00e9m presidente do Conselho Curador do Rio Convention &amp; Visitors Bureau (Rio CVB) e diretor da Associa\u00e7\u00e3o das Empresas do Mercado Imobili\u00e1rio (Ademi). Possui forma\u00e7\u00e3o em Administra\u00e7\u00e3o de Empresas e Engenharia Civil pela Universidade Gama Filho e p\u00f3s-gradua\u00e7\u00e3o em Engenharia Sanit\u00e1ria e de Seguran\u00e7a do Trabalho e \u00e9 diretor da Protel Administra\u00e7\u00e3o Hoteleira, empresa integrante do Grupo Santa Isabel desde 1982.<\/p>\n\t\t\t\t\t\t\t\t<\/div>\n\t\t\t\t<\/div>\n\t\t\t\t\t<\/div>\n\t\t<\/div>\n\t\t\t\t\t<\/div>\n\t\t<\/section>\n\t\t\t\t<section class=\"elementor-section elementor-top-section elementor-element elementor-element-6e8edf0 elementor-section-boxed elementor-section-height-default elementor-section-height-default\" data-id=\"6e8edf0\" data-element_type=\"section\" data-e-type=\"section\">\n\t\t\t\t\t\t<div class=\"elementor-container elementor-column-gap-default\">\n\t\t\t\t\t<div class=\"elementor-column elementor-col-100 elementor-top-column elementor-element elementor-element-bd82cc9\" data-id=\"bd82cc9\" data-element_type=\"column\" data-e-type=\"column\">\n\t\t\t<div class=\"elementor-widget-wrap elementor-element-populated\">\n\t\t\t\t\t\t<div class=\"elementor-element elementor-element-d8c6881 elementor-widget elementor-widget-image-gallery\" data-id=\"d8c6881\" data-element_type=\"widget\" data-e-type=\"widget\" data-widget_type=\"image-gallery.default\">\n\t\t\t\t<div class=\"elementor-widget-container\">\n\t\t\t\t\t\t\t<div class=\"elementor-image-gallery\">\n\t\t\t<div id='gallery-1' class='gallery galleryid-1092 gallery-columns-4 gallery-size-thumbnail'><figure class='gallery-item'>\n\t\t\t<div class='gallery-icon landscape'>\n\t\t\t\t<a data-elementor-open-lightbox=\"yes\" data-elementor-lightbox-slideshow=\"d8c6881\" data-elementor-lightbox-title=\"dsc_0426\" data-e-action-hash=\"#elementor-action%3Aaction%3Dlightbox%26settings%3DeyJpZCI6MTA5NCwidXJsIjoiaHR0cHM6XC9cL2Fjcmoub3JnLmJyXC93cC1jb250ZW50XC91cGxvYWRzXC8yMDIwXC8wMlwvZHNjXzA0MjYtc2NhbGVkLmpwZyIsInNsaWRlc2hvdyI6ImQ4YzY4ODEifQ%3D%3D\" href='https:\/\/acrj.org.br\/wp-content\/uploads\/2020\/02\/dsc_0426-scaled.jpg'><img width=\"150\" height=\"150\" src=\"https:\/\/acrj.org.br\/wp-content\/uploads\/2020\/02\/dsc_0426-150x150.jpg\" class=\"attachment-thumbnail size-thumbnail\" alt=\"\" decoding=\"async\" srcset=\"https:\/\/acrj.org.br\/wp-content\/uploads\/2020\/02\/dsc_0426-150x150.jpg 150w, https:\/\/acrj.org.br\/wp-content\/uploads\/2020\/02\/dsc_0426-scaled-300x300.jpg 300w, https:\/\/acrj.org.br\/wp-content\/uploads\/2020\/02\/dsc_0426-scaled-100x100.jpg 100w\" sizes=\"(max-width: 150px) 100vw, 150px\" \/><\/a>\n\t\t\t<\/div><\/figure>\n\t\t<\/div>\n\t\t<\/div>\n\t\t\t\t\t\t<\/div>\n\t\t\t\t<\/div>\n\t\t\t\t\t<\/div>\n\t\t<\/div>\n\t\t\t\t\t<\/div>\n\t\t<\/section>\n\t\t\t\t<\/div>\n\t\t","protected":false},"excerpt":{"rendered":"<p>O novo presidente do Conselho Empresarial de Turismo da Associa\u00e7\u00e3o Comercial do Rio de Janeiro, Alfredo Lopes, tomou posse nesta segunda-feira, 17 de fevereiro, durante&hellip;<\/p>\n","protected":false},"author":1,"featured_media":1093,"comment_status":"closed","ping_status":"closed","sticky":false,"template":"","format":"standard","meta":{"_exactmetrics_skip_tracking":false,"_exactmetrics_sitenote_active":false,"_exactmetrics_sitenote_note":"","_exactmetrics_sitenote_category":0,"footnotes":""},"categories":[10],"tags":[],"class_list":["post-1092","post","type-post","status-publish","format-standard","has-post-thumbnail","hentry","category-noticias"],"_links":{"self":[{"href":"https:\/\/acrj.org.br\/index.php\/wp-json\/wp\/v2\/posts\/1092","targetHints":{"allow":["GET"]}}],"collection":[{"href":"https:\/\/acrj.org.br\/index.php\/wp-json\/wp\/v2\/posts"}],"about":[{"href":"https:\/\/acrj.org.br\/index.php\/wp-json\/wp\/v2\/types\/post"}],"author":[{"embeddable":true,"href":"https:\/\/acrj.org.br\/index.php\/wp-json\/wp\/v2\/users\/1"}],"replies":[{"embeddable":true,"href":"https:\/\/acrj.org.br\/index.php\/wp-json\/wp\/v2\/comments?post=1092"}],"version-history":[{"count":0,"href":"https:\/\/acrj.org.br\/index.php\/wp-json\/wp\/v2\/posts\/1092\/revisions"}],"wp:featuredmedia":[{"embeddable":true,"href":"https:\/\/acrj.org.br\/index.php\/wp-json\/wp\/v2\/media\/1093"}],"wp:attachment":[{"href":"https:\/\/acrj.org.br\/index.php\/wp-json\/wp\/v2\/media?parent=1092"}],"wp:term":[{"taxonomy":"category","embeddable":true,"href":"https:\/\/acrj.org.br\/index.php\/wp-json\/wp\/v2\/categories?post=1092"},{"taxonomy":"post_tag","embeddable":true,"href":"https:\/\/acrj.org.br\/index.php\/wp-json\/wp\/v2\/tags?post=1092"}],"curies":[{"name":"wp","href":"https:\/\/api.w.org\/{rel}","templated":true}]}}