{"id":10761,"date":"2022-03-08T10:45:00","date_gmt":"2022-03-08T13:45:00","guid":{"rendered":"https:\/\/acrj.org.br\/?p=10761"},"modified":"2022-03-10T18:10:28","modified_gmt":"2022-03-10T21:10:28","slug":"gravidez-nao-planejada-e-seus-impactos-e-tema-de-debate-na-acrj","status":"publish","type":"post","link":"https:\/\/acrj.org.br\/index.php\/2022\/03\/08\/gravidez-nao-planejada-e-seus-impactos-e-tema-de-debate-na-acrj\/","title":{"rendered":"&#8220;Gravidez n\u00e3o planejada e seus impactos&#8221; \u00e9 tema de debate na ACRJ"},"content":{"rendered":"\n<p>Como parte das comemora\u00e7\u00f5es da ACRJ pelo Dia Internacional da Mulher, o Conselho Empresarial de Competitividade, Ambiente de Neg\u00f3cios e Agroneg\u00f3cio promove, dia 10\/3, \u00e0s 16h, um encontro sobre <strong>Gravidez n\u00e3o Planejada e seus impactos Econ\u00f4micos e Sociais<\/strong>.<\/p>\n\n\n\n<p>Para compor a mesa, coordenada pela presidente do Conselho, Irini Tsouroutsoglou, estar\u00e3o: Fabiane Pieruccini, Marta Alves,Fernanda Capobianco e Fabiana Hutten.<\/p>\n\n\n\n<p>O encontro ser\u00e1 transmitido pelo Canal ACRJ Divulga no Youtube . <a href=\"https:\/\/youtu.be\/0p_OWemItR8\"><strong>Acesse aqui<\/strong><\/a><\/p>\n\n\n\n<p><\/p>\n","protected":false},"excerpt":{"rendered":"<p>Como parte das comemora\u00e7\u00f5es da ACRJ pelo Dia Internacional da Mulher, o Conselho Empresarial de Competitividade, Ambiente de Neg\u00f3cios e Agroneg\u00f3cio promove, dia 10\/3, \u00e0s&hellip;<\/p>\n","protected":false},"author":3,"featured_media":10763,"comment_status":"closed","ping_status":"closed","sticky":false,"template":"","format":"standard","meta":{"_exactmetrics_skip_tracking":false,"_exactmetrics_sitenote_active":false,"_exactmetrics_sitenote_note":"","_exactmetrics_sitenote_category":0,"footnotes":""},"categories":[10],"tags":[],"class_list":["post-10761","post","type-post","status-publish","format-standard","has-post-thumbnail","hentry","category-noticias"],"_links":{"self":[{"href":"https:\/\/acrj.org.br\/index.php\/wp-json\/wp\/v2\/posts\/10761","targetHints":{"allow":["GET"]}}],"collection":[{"href":"https:\/\/acrj.org.br\/index.php\/wp-json\/wp\/v2\/posts"}],"about":[{"href":"https:\/\/acrj.org.br\/index.php\/wp-json\/wp\/v2\/types\/post"}],"author":[{"embeddable":true,"href":"https:\/\/acrj.org.br\/index.php\/wp-json\/wp\/v2\/users\/3"}],"replies":[{"embeddable":true,"href":"https:\/\/acrj.org.br\/index.php\/wp-json\/wp\/v2\/comments?post=10761"}],"version-history":[{"count":0,"href":"https:\/\/acrj.org.br\/index.php\/wp-json\/wp\/v2\/posts\/10761\/revisions"}],"wp:featuredmedia":[{"embeddable":true,"href":"https:\/\/acrj.org.br\/index.php\/wp-json\/wp\/v2\/media\/10763"}],"wp:attachment":[{"href":"https:\/\/acrj.org.br\/index.php\/wp-json\/wp\/v2\/media?parent=10761"}],"wp:term":[{"taxonomy":"category","embeddable":true,"href":"https:\/\/acrj.org.br\/index.php\/wp-json\/wp\/v2\/categories?post=10761"},{"taxonomy":"post_tag","embeddable":true,"href":"https:\/\/acrj.org.br\/index.php\/wp-json\/wp\/v2\/tags?post=10761"}],"curies":[{"name":"wp","href":"https:\/\/api.w.org\/{rel}","templated":true}]}}