{"id":10441,"date":"2022-02-14T18:05:00","date_gmt":"2022-02-14T21:05:00","guid":{"rendered":"https:\/\/acrj.org.br\/?p=10441"},"modified":"2022-02-14T17:47:49","modified_gmt":"2022-02-14T20:47:49","slug":"acrj-se-posiciona-sobre-projeto-aprovado-na-camara-que-altera-regras-de-registros-de-agrotoxicos","status":"publish","type":"post","link":"https:\/\/acrj.org.br\/index.php\/2022\/02\/14\/acrj-se-posiciona-sobre-projeto-aprovado-na-camara-que-altera-regras-de-registros-de-agrotoxicos\/","title":{"rendered":"ACRJ se posiciona sobre projeto aprovado na C\u00e2mara que altera regras de registros de agrot\u00f3xicos"},"content":{"rendered":"\n<p>A C\u00e2mara dos Deputados aprovou nesta quarta-feira (9) o Projeto de Lei 6299\/02, que fixa prazo para a obten\u00e7\u00e3o de registro de agrot\u00f3xicos no Brasil, centraliza no Minist\u00e9rio da Agricultura as tarefas de fiscaliza\u00e7\u00e3o e an\u00e1lise desses produtos para uso agropecu\u00e1rio e prev\u00ea a concess\u00e3o de registro tempor\u00e1rio se o prazo n\u00e3o for cumprido.<\/p>\n\n\n\n<p>Aprovado na forma do substitutivo do relator, deputado Luiz Nishimori (PL-PR), o projeto estipula que o prazo m\u00e1ximo para o registro seja de 30 dias (para pesquisa, por exemplo) a dois anos (produto novo ou mat\u00e9ria-prima nova).<\/p>\n\n\n\n<p>Os pareceres para os procedimentos de registro ou mudan\u00e7a do agrot\u00f3xico continuam a ser emitidos pelos Minist\u00e9rios da Agricultura, do Meio Ambiente e da Sa\u00fade, este \u00faltimo por meio da Ag\u00eancia Nacional de Vigil\u00e2ncia Sanit\u00e1ria (Anvisa). Mas somente o \u00f3rg\u00e3o que faz o registro (Minist\u00e9rio da Agricultura) poder\u00e1 aplicar as penalidades e auditar empresas e institutos de pesquisa.<\/p>\n\n\n\n<p>De acordo com a presidente do Conselho Empresarial de Competitividade, Ambiente de Neg\u00f3cios e Agroneg\u00f3cio da ACRJ, Irini Tsouroutsoglou, a legisla\u00e7\u00e3o precisa acompanhar o dinamismo social.<\/p>\n\n\n\n<p>\u201cA legisla\u00e7\u00e3o vigente \u00e9 ultrapassada. De 1989 pra c\u00e1, a tecnologia, o mercado e as necessidades da popula\u00e7\u00e3o mudaram e hoje cada vez mais precisamos nos adaptar, cooperando para um ambiente mais competitivo, garantindo mais efici\u00eancia e produtividade no campo, com responsabilidade, gerando maior seguran\u00e7a alimentar aos brasileiros, ao produtor rural, ao agricultor e ao meio ambiente. O Brasil \u00e9 um dos maiores exportadores de comida e um dos principais pa\u00edses que alimentam o mundo&#8221;, defendeu Irini.<\/p>\n\n\n\n<p>Saiba mais <strong><a href=\"https:\/\/www.camara.leg.br\/noticias\/849479-camara-conclui-votacao-sobre-mudancas-nas-regras-de-registro-de-agrotoxicos-acompanhe\/\">aqui<\/a><\/strong><\/p>\n\n\n\n<p>a mais: <\/p>\n","protected":false},"excerpt":{"rendered":"<p>A C\u00e2mara dos Deputados aprovou nesta quarta-feira (9) o Projeto de Lei 6299\/02, que fixa prazo para a obten\u00e7\u00e3o de registro de agrot\u00f3xicos no Brasil,&hellip;<\/p>\n","protected":false},"author":3,"featured_media":10442,"comment_status":"closed","ping_status":"open","sticky":false,"template":"","format":"standard","meta":{"_exactmetrics_skip_tracking":false,"_exactmetrics_sitenote_active":false,"_exactmetrics_sitenote_note":"","_exactmetrics_sitenote_category":0,"footnotes":""},"categories":[10],"tags":[],"class_list":["post-10441","post","type-post","status-publish","format-standard","has-post-thumbnail","hentry","category-noticias"],"_links":{"self":[{"href":"https:\/\/acrj.org.br\/index.php\/wp-json\/wp\/v2\/posts\/10441","targetHints":{"allow":["GET"]}}],"collection":[{"href":"https:\/\/acrj.org.br\/index.php\/wp-json\/wp\/v2\/posts"}],"about":[{"href":"https:\/\/acrj.org.br\/index.php\/wp-json\/wp\/v2\/types\/post"}],"author":[{"embeddable":true,"href":"https:\/\/acrj.org.br\/index.php\/wp-json\/wp\/v2\/users\/3"}],"replies":[{"embeddable":true,"href":"https:\/\/acrj.org.br\/index.php\/wp-json\/wp\/v2\/comments?post=10441"}],"version-history":[{"count":0,"href":"https:\/\/acrj.org.br\/index.php\/wp-json\/wp\/v2\/posts\/10441\/revisions"}],"wp:featuredmedia":[{"embeddable":true,"href":"https:\/\/acrj.org.br\/index.php\/wp-json\/wp\/v2\/media\/10442"}],"wp:attachment":[{"href":"https:\/\/acrj.org.br\/index.php\/wp-json\/wp\/v2\/media?parent=10441"}],"wp:term":[{"taxonomy":"category","embeddable":true,"href":"https:\/\/acrj.org.br\/index.php\/wp-json\/wp\/v2\/categories?post=10441"},{"taxonomy":"post_tag","embeddable":true,"href":"https:\/\/acrj.org.br\/index.php\/wp-json\/wp\/v2\/tags?post=10441"}],"curies":[{"name":"wp","href":"https:\/\/api.w.org\/{rel}","templated":true}]}}