{"id":10314,"date":"2022-02-04T13:26:08","date_gmt":"2022-02-04T16:26:08","guid":{"rendered":"https:\/\/acrj.org.br\/?p=10314"},"modified":"2022-02-04T13:28:20","modified_gmt":"2022-02-04T16:28:20","slug":"acrj-comemora-recuperacao-do-emprego-formal-no-rio-de-janeiro","status":"publish","type":"post","link":"https:\/\/acrj.org.br\/index.php\/2022\/02\/04\/acrj-comemora-recuperacao-do-emprego-formal-no-rio-de-janeiro\/","title":{"rendered":"ACRJ comemora recupera\u00e7\u00e3o do emprego formal no Rio de Janeiro"},"content":{"rendered":"\t\t<div data-elementor-type=\"wp-post\" data-elementor-id=\"10314\" class=\"elementor elementor-10314\" data-elementor-post-type=\"post\">\n\t\t\t\t\t\t<section class=\"elementor-section elementor-top-section elementor-element elementor-element-52d70e36 elementor-section-boxed elementor-section-height-default elementor-section-height-default\" data-id=\"52d70e36\" data-element_type=\"section\" data-e-type=\"section\">\n\t\t\t\t\t\t<div class=\"elementor-container elementor-column-gap-default\">\n\t\t\t\t\t<div class=\"elementor-column elementor-col-100 elementor-top-column elementor-element elementor-element-6f1926f6\" data-id=\"6f1926f6\" data-element_type=\"column\" data-e-type=\"column\">\n\t\t\t<div class=\"elementor-widget-wrap elementor-element-populated\">\n\t\t\t\t\t\t<div class=\"elementor-element elementor-element-56fef97d elementor-widget elementor-widget-text-editor\" data-id=\"56fef97d\" data-element_type=\"widget\" data-e-type=\"widget\" data-widget_type=\"text-editor.default\">\n\t\t\t\t<div class=\"elementor-widget-container\">\n\t\t\t\t\t\t\t\t\t\n<p>O Cadastro Geral de Empregados e Desempregados (Caged) trouxe dados importantes e validam a previs\u00e3o da retomada do emprego que a Associa\u00e7\u00e3o Comercial do Rio de Janeiro havia feito no fim do ano passado, especialmente no setor de servi\u00e7os. O acumulado no ano fechou em 2,7 milh\u00f5es de empregos, o que mostra um movimento de recupera\u00e7\u00e3o do emprego formal no pa\u00eds, impulsionado principalmente pelo setor de servi\u00e7os, com quase 45% das vagas criadas. \u201cOs dados do Caged tamb\u00e9m validam o otimismo da ACRJ com o futuro do nosso estado\u201d, disse o presidente da Associa\u00e7\u00e3o Comercial, Jos\u00e9 Antonio do Nascimento Brito.<br \/>Aqui no Estado do Rio de Janeiro, segundo relat\u00f3rio preparado pelo Instituto Fecom\u00e9rcio de Pesquisas e An\u00e1lises com base no Caged, o acumulado do ano, foi de mais de 178 mil v\u00ednculos criados, o que deixou o Rio de Janeiro em terceiro lugar no ranking de gera\u00e7\u00e3o de empregos, atr\u00e1s apenas de S\u00e3o Paulo (+814.039) e Minas Gerais (+305.182).<br \/>Para o presidente da ACRJ, a recupera\u00e7\u00e3o do emprego est\u00e1 associada \u00e0 cria\u00e7\u00e3o de uma pol\u00edtica de desenvolvimento do atual governo do estado, mas \u00e9 preciso avan\u00e7ar. \u201cA privatiza\u00e7\u00e3o da Cedae foi um marco e come\u00e7amos a perceber os primeiros impactos, j\u00e1 que este ser\u00e1 um setor importante na gera\u00e7\u00e3o de empregos. Destaco tamb\u00e9m a parceira da Alerj e do Governo na moderniza\u00e7\u00e3o da legisla\u00e7\u00e3o, quanto mais moderno nossa estrutura jur\u00eddica melhor para o desenvolvimento do nosso estado\u201d, afirmou.<br \/>Mesmo com o impacto da pandemia na economia fluminense o saldo desde 2020 \u00e9 de 27.376. Isso mostra que os empregos criados em 2021 mais que compensam os que foram perdidos durante o ano de 2020, de acordo com o relat\u00f3rio. Como na m\u00e9dia geral do pa\u00eds, o grande respons\u00e1vel por esse resultado foi mais uma vez o setor de servi\u00e7os, criando mais da metade das vagas no Estado (55%).<br \/>O Caged destaca que o mercado de trabalho depende do desempenho econ\u00f4mico do pa\u00eds, que passa por um cen\u00e1rio de incerteza materializado pelo maior per\u00edodo de eleva\u00e7\u00e3o da Selic desde 1999, ano de crise cambial brasileira.<\/p>\n<p><a href=\"https:\/\/acrj.org.br\/wp-content\/uploads\/2022\/02\/2021_12_CAGED.pdf\" target=\"_blank\" rel=\"noopener\">Acesse o documento aqui<\/a><\/p>\n\t\t\t\t\t\t\t\t<\/div>\n\t\t\t\t<\/div>\n\t\t\t\t\t<\/div>\n\t\t<\/div>\n\t\t\t\t\t<\/div>\n\t\t<\/section>\n\t\t\t\t<\/div>\n\t\t","protected":false},"excerpt":{"rendered":"<p>O Cadastro Geral de Empregados e Desempregados (Caged) trouxe dados importantes e validam a previs\u00e3o da retomada do emprego que a Associa\u00e7\u00e3o Comercial do Rio&hellip;<\/p>\n","protected":false},"author":1,"featured_media":10316,"comment_status":"closed","ping_status":"open","sticky":false,"template":"","format":"standard","meta":{"_exactmetrics_skip_tracking":false,"_exactmetrics_sitenote_active":false,"_exactmetrics_sitenote_note":"","_exactmetrics_sitenote_category":0,"footnotes":""},"categories":[10],"tags":[],"class_list":["post-10314","post","type-post","status-publish","format-standard","has-post-thumbnail","hentry","category-noticias"],"_links":{"self":[{"href":"https:\/\/acrj.org.br\/index.php\/wp-json\/wp\/v2\/posts\/10314","targetHints":{"allow":["GET"]}}],"collection":[{"href":"https:\/\/acrj.org.br\/index.php\/wp-json\/wp\/v2\/posts"}],"about":[{"href":"https:\/\/acrj.org.br\/index.php\/wp-json\/wp\/v2\/types\/post"}],"author":[{"embeddable":true,"href":"https:\/\/acrj.org.br\/index.php\/wp-json\/wp\/v2\/users\/1"}],"replies":[{"embeddable":true,"href":"https:\/\/acrj.org.br\/index.php\/wp-json\/wp\/v2\/comments?post=10314"}],"version-history":[{"count":0,"href":"https:\/\/acrj.org.br\/index.php\/wp-json\/wp\/v2\/posts\/10314\/revisions"}],"wp:featuredmedia":[{"embeddable":true,"href":"https:\/\/acrj.org.br\/index.php\/wp-json\/wp\/v2\/media\/10316"}],"wp:attachment":[{"href":"https:\/\/acrj.org.br\/index.php\/wp-json\/wp\/v2\/media?parent=10314"}],"wp:term":[{"taxonomy":"category","embeddable":true,"href":"https:\/\/acrj.org.br\/index.php\/wp-json\/wp\/v2\/categories?post=10314"},{"taxonomy":"post_tag","embeddable":true,"href":"https:\/\/acrj.org.br\/index.php\/wp-json\/wp\/v2\/tags?post=10314"}],"curies":[{"name":"wp","href":"https:\/\/api.w.org\/{rel}","templated":true}]}}