{"id":10060,"date":"2021-12-17T13:52:00","date_gmt":"2021-12-17T16:52:00","guid":{"rendered":"https:\/\/acrj.org.br\/?p=10060"},"modified":"2021-12-17T14:27:52","modified_gmt":"2021-12-17T17:27:52","slug":"prefeito-eduardo-paes-assina-decreto-sobre-polos-do-rio","status":"publish","type":"post","link":"https:\/\/acrj.org.br\/index.php\/2021\/12\/17\/prefeito-eduardo-paes-assina-decreto-sobre-polos-do-rio\/","title":{"rendered":"Prefeito Eduardo Paes assina decreto sobre Polos do Rio"},"content":{"rendered":"\n<p>O vice-presidente de Rela\u00e7\u00f5es com as Associa\u00e7\u00f5es Comerciais da Cidade do Rio de Janeiro da ACRJ, Ricardo Salles de Barros, representou a Casa de Mau\u00e1 no evento realizado, dia 14\/12, no Pal\u00e1cio da Cidade, quando foi assinado pelo prefeito Eduardo Paes o Decreto dos Polos do Rio. O evento foi organizado pela Coordenadoria Executiva de Di\u00e1logos Setoriais &#8211; CEDI\/SEGOVI da Prefeitura do Rio.<\/p>\n\n\n\n<p>Participaram do encontro, al\u00e9m do prefeito, o secret\u00e1rio de Governo e Integridade P\u00fablica, Marcelo Calero, e representantes dos polos gastron\u00f4micos da cidade e de entidades do com\u00e9rcio e de servi\u00e7os e empres\u00e1rios.<\/p>\n\n\n\n<p>O presidente do Polo Comercial e das Confeitarias Tradicionais do Rio de Janeiro, Luiz Eduardo Carneiro, elogiou a iniciativa e destacou a uni\u00e3o dos empres\u00e1rios. \u201cFicamos felizes em participar dessa homologa\u00e7\u00e3o dos polos pelo prefeito Eduardo Paes e ver que o movimento est\u00e1 crescendo. Esta uni\u00e3o dos comerciantes e lojistas, que se fazia necess\u00e1ria, agora passou a ser imperativa ap\u00f3s toda crise que passamos por conta da pandemia\u201d, comemorou.<\/p>\n\n\n\n<p>Por outro lado, destacou a preocupa\u00e7\u00e3o por uma poss\u00edvel legaliza\u00e7\u00e3o dos ambulantes, que fazem concorr\u00eancia desleal com o com\u00e9rcio formal, e provocam a desordem p\u00fablica. \u201cMais uma vez, o comerciante legalizado poder\u00e1 ser penalizado neste momento que come\u00e7amos a retomar o f\u00f4lego, que as empresas est\u00e3o retornando para o Centro da cidade para, enfim, voltarmos \u00e0 normalidade\u201d, disse.<\/p>\n\n\n\n<p>O Decreto disp\u00f5e sobre a retomada do Programa Polos do Rio e a recupera\u00e7\u00e3o do com\u00e9rcio. Ao todo, 24 polos ser\u00e3o atendidos na cidade. Durante o evento tamb\u00e9m foram assinadas Resolu\u00e7\u00f5es de constitui\u00e7\u00e3o do Comit\u00ea Executivo e do Conselho Consultivo, inst\u00e2ncias que v\u00e3o compor a Governan\u00e7a do Programa.<\/p>\n\n\n\n<p>Pelo Comit\u00ea Executivo, as institui\u00e7\u00f5es que o compor\u00e3o &#8211; Fecom\u00e9rcio RJ, Sindrio, Sebrae, Caixa e Riotur &#8211; apresentar\u00e3o seus planos e projetos de est\u00edmulo ao fortalecimento dos neg\u00f3cios e da atividade econ\u00f4mica. Ricardo Salles informou que vai solicitar \u00e0 Prefeitura que a Associa\u00e7\u00e3o Comercial seja membro deste conselho, j\u00e1 que \u201ca defesa do livre com\u00e9rcio e o equil\u00edbrio nestas rela\u00e7\u00f5es \u00e9 a raz\u00e3o pela qual a entidade existe\u201d.<\/p>\n\n\n\n<p>A \u00edntegra do Decreto: <a href=\"https:\/\/www.sindrio.com.br\/wp-content\/uploads\/2021\/12\/Rio_de_Janeiro_2021-12-14_DECRETO_49968_PAGS13E14.pdf\">https:\/\/www.sindrio.com.br\/wp-content\/uploads\/2021\/12\/Rio_de_Janeiro_2021-12-14_DECRETO_49968_PAGS13E14.pdf<\/a><\/p>\n\n\n\n<p><\/p>\n\n\n\n<p><\/p>\n","protected":false},"excerpt":{"rendered":"<p>O vice-presidente de Rela\u00e7\u00f5es com as Associa\u00e7\u00f5es Comerciais da Cidade do Rio de Janeiro da ACRJ, Ricardo Salles de Barros, representou a Casa de Mau\u00e1&hellip;<\/p>\n","protected":false},"author":3,"featured_media":10063,"comment_status":"closed","ping_status":"closed","sticky":false,"template":"","format":"standard","meta":{"_exactmetrics_skip_tracking":false,"_exactmetrics_sitenote_active":false,"_exactmetrics_sitenote_note":"","_exactmetrics_sitenote_category":0,"footnotes":""},"categories":[10],"tags":[],"class_list":["post-10060","post","type-post","status-publish","format-standard","has-post-thumbnail","hentry","category-noticias"],"_links":{"self":[{"href":"https:\/\/acrj.org.br\/index.php\/wp-json\/wp\/v2\/posts\/10060","targetHints":{"allow":["GET"]}}],"collection":[{"href":"https:\/\/acrj.org.br\/index.php\/wp-json\/wp\/v2\/posts"}],"about":[{"href":"https:\/\/acrj.org.br\/index.php\/wp-json\/wp\/v2\/types\/post"}],"author":[{"embeddable":true,"href":"https:\/\/acrj.org.br\/index.php\/wp-json\/wp\/v2\/users\/3"}],"replies":[{"embeddable":true,"href":"https:\/\/acrj.org.br\/index.php\/wp-json\/wp\/v2\/comments?post=10060"}],"version-history":[{"count":0,"href":"https:\/\/acrj.org.br\/index.php\/wp-json\/wp\/v2\/posts\/10060\/revisions"}],"wp:featuredmedia":[{"embeddable":true,"href":"https:\/\/acrj.org.br\/index.php\/wp-json\/wp\/v2\/media\/10063"}],"wp:attachment":[{"href":"https:\/\/acrj.org.br\/index.php\/wp-json\/wp\/v2\/media?parent=10060"}],"wp:term":[{"taxonomy":"category","embeddable":true,"href":"https:\/\/acrj.org.br\/index.php\/wp-json\/wp\/v2\/categories?post=10060"},{"taxonomy":"post_tag","embeddable":true,"href":"https:\/\/acrj.org.br\/index.php\/wp-json\/wp\/v2\/tags?post=10060"}],"curies":[{"name":"wp","href":"https:\/\/api.w.org\/{rel}","templated":true}]}}