{"id":10051,"date":"2021-12-16T11:46:47","date_gmt":"2021-12-16T14:46:47","guid":{"rendered":"https:\/\/acrj.org.br\/?p=10051"},"modified":"2021-12-16T11:52:07","modified_gmt":"2021-12-16T14:52:07","slug":"associados-da-acrj-tem-descontos-na-inscricao-do-congresso-de-compliance-para-pequenas-e-medias-empresas","status":"publish","type":"post","link":"https:\/\/acrj.org.br\/index.php\/2021\/12\/16\/associados-da-acrj-tem-descontos-na-inscricao-do-congresso-de-compliance-para-pequenas-e-medias-empresas\/","title":{"rendered":"Associados da ACRJ t\u00eam descontos na inscri\u00e7\u00e3o do Congresso de Compliance"},"content":{"rendered":"\n<p>A Associa\u00e7\u00e3o Comercial do Rio de Janeiro vai apoiar o 2\u00ba Congresso de Compliance para Pequenas e M\u00e9dias Empresas, que acontecer\u00e1 agora em janeiro de 2022. O presidente do Conselho Empresarial de Governan\u00e7a e Compliance da ACRJ, Humberto Mota Filho, vai participar do evento.&nbsp;<\/p>\n\n\n\n<p>Os associados da ACRJ, ao utilizarem o cupom ACRJ10, t\u00eam descontos. O Congresso ser\u00e1 realizado 100% online, a exemplo de 2021, por meio da plataforma Zoom, de 24 a 28 de janeiro.<\/p>\n\n\n\n<p>As inscri\u00e7\u00f5es podem ser feitas pelo link <a href=\"https:\/\/www.compliancepme.com.br\/congresso\">https:\/\/www.compliancepme.com.br\/congresso<\/a><\/p>\n","protected":false},"excerpt":{"rendered":"<p>A Associa\u00e7\u00e3o Comercial do Rio de Janeiro vai apoiar o 2\u00ba Congresso de Compliance para Pequenas e M\u00e9dias Empresas, que acontecer\u00e1 agora em janeiro de&hellip;<\/p>\n","protected":false},"author":1,"featured_media":10052,"comment_status":"closed","ping_status":"closed","sticky":false,"template":"","format":"standard","meta":{"_exactmetrics_skip_tracking":false,"_exactmetrics_sitenote_active":false,"_exactmetrics_sitenote_note":"","_exactmetrics_sitenote_category":0,"footnotes":""},"categories":[10],"tags":[],"class_list":["post-10051","post","type-post","status-publish","format-standard","has-post-thumbnail","hentry","category-noticias"],"_links":{"self":[{"href":"https:\/\/acrj.org.br\/index.php\/wp-json\/wp\/v2\/posts\/10051","targetHints":{"allow":["GET"]}}],"collection":[{"href":"https:\/\/acrj.org.br\/index.php\/wp-json\/wp\/v2\/posts"}],"about":[{"href":"https:\/\/acrj.org.br\/index.php\/wp-json\/wp\/v2\/types\/post"}],"author":[{"embeddable":true,"href":"https:\/\/acrj.org.br\/index.php\/wp-json\/wp\/v2\/users\/1"}],"replies":[{"embeddable":true,"href":"https:\/\/acrj.org.br\/index.php\/wp-json\/wp\/v2\/comments?post=10051"}],"version-history":[{"count":0,"href":"https:\/\/acrj.org.br\/index.php\/wp-json\/wp\/v2\/posts\/10051\/revisions"}],"wp:featuredmedia":[{"embeddable":true,"href":"https:\/\/acrj.org.br\/index.php\/wp-json\/wp\/v2\/media\/10052"}],"wp:attachment":[{"href":"https:\/\/acrj.org.br\/index.php\/wp-json\/wp\/v2\/media?parent=10051"}],"wp:term":[{"taxonomy":"category","embeddable":true,"href":"https:\/\/acrj.org.br\/index.php\/wp-json\/wp\/v2\/categories?post=10051"},{"taxonomy":"post_tag","embeddable":true,"href":"https:\/\/acrj.org.br\/index.php\/wp-json\/wp\/v2\/tags?post=10051"}],"curies":[{"name":"wp","href":"https:\/\/api.w.org\/{rel}","templated":true}]}}