{"id":10008,"date":"2021-12-09T16:05:50","date_gmt":"2021-12-09T19:05:50","guid":{"rendered":"https:\/\/acrj.org.br\/?p=10008"},"modified":"2021-12-09T16:05:51","modified_gmt":"2021-12-09T19:05:51","slug":"carnaval-moda-e-desfiles-das-escolas-de-samba-se-transformam-pos-pandemia-do-coronavirus","status":"publish","type":"post","link":"https:\/\/acrj.org.br\/index.php\/2021\/12\/09\/carnaval-moda-e-desfiles-das-escolas-de-samba-se-transformam-pos-pandemia-do-coronavirus\/","title":{"rendered":"Carnaval, moda e desfiles das escolas de samba se transformam p\u00f3s pandemia do coronav\u00edrus"},"content":{"rendered":"\n<p>A partir de tr\u00eas palestras importantes,&nbsp;e que englobam o momento atual e o que acontecer\u00e1 com grandes eventos ap\u00f3s a pandemia, o Conselho Empresarial de Assuntos Culturais da ACRJ reuniu&nbsp;os&nbsp;especialistas e&nbsp;membros do Conselho, Reinaldo Paes Barreto, Maria Luiza Nobre, Haroldo Costa, Celina de Farias e Bruno Tet\u00e9,&nbsp;para fazer apresenta\u00e7\u00f5es sobre o Carnaval, a moda e as escolas de samba. O semin\u00e1rio \u201cO Carnaval do S\u00e9culo XXI\u201d, realizado dia 8 de dezembro, mostrou que haver\u00e1 um novo modelo ap\u00f3s a Covid-19.<\/p>\n\n\n\n<p>A palestra \u201cCarnaval hoje, ontem e sempre\u201d foi apresentada pelo produtor cultural&nbsp;e&nbsp;escritor&nbsp;Haroldo Costa. Ele contou a hist\u00f3ria do Carnaval desde a chegada ao Brasil, trazido pelos portugueses da ilha dos A\u00e7ores, suas tradi\u00e7\u00f5es, suspens\u00f5es, at\u00e9 os dias atuais. Ele lembrou das prociss\u00f5es das escravas, que eram como uma comiss\u00e3o de frente e\/ou ala das baianas das escolas de samba; das grandes sociedades, dos ranchos; dos enredos com conota\u00e7\u00e3o pol\u00edtica, entre outras informa\u00e7\u00f5es.<\/p>\n\n\n\n<p>\u201cO Carnaval \u00e9 uma marca. A marca brasileira. Hoje, no Rio de Janeiro, tem o maior momento nos desfiles das escolas de samba, que com seus enredos s\u00e3o porta-vozes da hist\u00f3ria do Brasil\u201d, comentou Haroldo Costa. Segundo o conselheiro, al\u00e9m de redescobrir a hist\u00f3ria brasileira, os enredos nos apresentam personagens que fazem parte do pa\u00eds e que nem conhec\u00edamos.<\/p>\n\n\n\n<p>O vice-presidente do Conselho, Reinaldo Paes Barreto,&nbsp;que presidiu o semin\u00e1rio,&nbsp;ressaltou que \u201co Carnaval fala o que est\u00e1 guardado na garganta do povo\u201d. Al\u00e9m de enaltecer a festa,&nbsp;comentou que ap\u00f3s a pandemia&nbsp;&#8220;o&nbsp;Carnaval vai voltar a ter todo o apoio popular, mas algumas pessoas v\u00e3o preferir acompanhar online ainda por causa da Covid-19\u201d,&nbsp;refor\u00e7ando a import\u00e2ncia do evento para a economia.<\/p>\n\n\n\n<p>A&nbsp;mediadora da palestra,&nbsp;Maria Luiza Nobre&nbsp;destacou que \u201capesar da antiguidade, o Carnaval ainda \u00e9 um fen\u00f4meno cultural, sem d\u00favida\u201d.<\/p>\n\n\n\n<p>Com a palestra \u201cDa Intendente \u00e0 Sapuca\u00ed as escolas de samba se fazem presentes\u201d, Bruno Tet\u00e9, diretor Social da Liga RJ e secret\u00e1rio de Assuntos Institucionais da Superliga, contou&nbsp;como \u00e9&nbsp;o funcionamento dos desfiles das agremia\u00e7\u00f5es. \u201cA escola de samba \u00e9 o maior produto do Carnaval. E o maior do mundo \u00e9 na Intendente Magalh\u00e3es (uma das principais vias da cidade, que liga v\u00e1rios bairros da Zona Norte do Rio), onde desfilam 61 escolas de samba. Destas, tem a Caprichoso de Pilares e a Unidos de Lucas, por exemplo\u201d, explicou.<\/p>\n\n\n\n<p>A presidente do Conselho Consultivo do Instituto Zuzu Angel, Celina Farias, falou sobre \u201cModa e Carnaval\u201d. De acordo com ela, h\u00e1 uma s\u00e9rie de semelhan\u00e7as entre os dois eventos. Para acontecer o desfile de moda de uma nova cole\u00e7\u00e3o tamb\u00e9m precisa de um roteiro com enredo, m\u00fasica e cria\u00e7\u00e3o de pe\u00e7as de roupas, por exemplo. A mesma coisa acontece nas apresenta\u00e7\u00f5es das agremia\u00e7\u00f5es carnavalescas.<\/p>\n\n\n\n<p>\u201cA diversidade e a inclus\u00e3o est\u00e3o na moda e no Carnaval. \u00c9 um link muito importante. Hoje \u00e9 um novo renascimento e o novo normal vai mudar o Carnaval e a moda\u201d, finalizou, se referindo ao per\u00edodo que estamos vivendo.<\/p>\n\n\n\n<figure class=\"wp-block-image size-full\"><img fetchpriority=\"high\" decoding=\"async\" width=\"987\" height=\"334\" src=\"https:\/\/acrj.org.br\/wp-content\/uploads\/2021\/12\/image-1.png\" alt=\"\" class=\"wp-image-10009\" srcset=\"https:\/\/acrj.org.br\/wp-content\/uploads\/2021\/12\/image-1.png 987w, https:\/\/acrj.org.br\/wp-content\/uploads\/2021\/12\/image-1-600x203.png 600w, https:\/\/acrj.org.br\/wp-content\/uploads\/2021\/12\/image-1-300x102.png 300w, https:\/\/acrj.org.br\/wp-content\/uploads\/2021\/12\/image-1-768x260.png 768w\" sizes=\"(max-width: 987px) 100vw, 987px\" \/><\/figure>\n\n\n\n<p><\/p>\n","protected":false},"excerpt":{"rendered":"<p>A partir de tr\u00eas palestras importantes,&nbsp;e que englobam o momento atual e o que acontecer\u00e1 com grandes eventos ap\u00f3s a pandemia, o Conselho Empresarial de&hellip;<\/p>\n","protected":false},"author":1,"featured_media":10011,"comment_status":"closed","ping_status":"closed","sticky":false,"template":"","format":"standard","meta":{"_exactmetrics_skip_tracking":false,"_exactmetrics_sitenote_active":false,"_exactmetrics_sitenote_note":"","_exactmetrics_sitenote_category":0,"footnotes":""},"categories":[10],"tags":[],"class_list":["post-10008","post","type-post","status-publish","format-standard","has-post-thumbnail","hentry","category-noticias"],"_links":{"self":[{"href":"https:\/\/acrj.org.br\/index.php\/wp-json\/wp\/v2\/posts\/10008","targetHints":{"allow":["GET"]}}],"collection":[{"href":"https:\/\/acrj.org.br\/index.php\/wp-json\/wp\/v2\/posts"}],"about":[{"href":"https:\/\/acrj.org.br\/index.php\/wp-json\/wp\/v2\/types\/post"}],"author":[{"embeddable":true,"href":"https:\/\/acrj.org.br\/index.php\/wp-json\/wp\/v2\/users\/1"}],"replies":[{"embeddable":true,"href":"https:\/\/acrj.org.br\/index.php\/wp-json\/wp\/v2\/comments?post=10008"}],"version-history":[{"count":0,"href":"https:\/\/acrj.org.br\/index.php\/wp-json\/wp\/v2\/posts\/10008\/revisions"}],"wp:featuredmedia":[{"embeddable":true,"href":"https:\/\/acrj.org.br\/index.php\/wp-json\/wp\/v2\/media\/10011"}],"wp:attachment":[{"href":"https:\/\/acrj.org.br\/index.php\/wp-json\/wp\/v2\/media?parent=10008"}],"wp:term":[{"taxonomy":"category","embeddable":true,"href":"https:\/\/acrj.org.br\/index.php\/wp-json\/wp\/v2\/categories?post=10008"},{"taxonomy":"post_tag","embeddable":true,"href":"https:\/\/acrj.org.br\/index.php\/wp-json\/wp\/v2\/tags?post=10008"}],"curies":[{"name":"wp","href":"https:\/\/api.w.org\/{rel}","templated":true}]}}